{"id":3960,"date":"2025-07-10T17:33:33","date_gmt":"2025-07-10T15:33:33","guid":{"rendered":"https:\/\/sparkassenstiftungen-ka.de\/jugendstiftung\/?p=3960"},"modified":"2025-07-10T17:34:02","modified_gmt":"2025-07-10T15:34:02","slug":"98-ausstellung-kreativitat-in-der-schule","status":"publish","type":"post","link":"https:\/\/sparkassenstiftungen-ka.de\/jugendstiftung\/kreativitaet-musik\/kreativitaet-in-der-schule\/98-ausstellung-kreativitat-in-der-schule\/","title":{"rendered":"98. Ausstellung im Rahmen von \u201eKreativit\u00e4t in der Schule\u201c"},"content":{"rendered":"\n<p>Bunt, lebendig und mit allen Sinnen erfahrbar \u2013 unter dem Motto \u201eDie Natur spricht Farbe\u201c zeigen Sch\u00fcler:innen der drei Graben-Neudorfer Schulen, wie vielf\u00e4ltig und farbenfroh unsere (Um-)Welt wahrgenommen und k\u00fcnstlerisch umgesetzt werden kann.<\/p>\n\n\n\n<p>Mit der 98. Ausstellung in der Reihe \u201eKreativit\u00e4t in der Schule\u201c verwandelt sich das Beratungszentrum der Sparkasse in Graben-Neudorf erneut in eine Galerie f\u00fcr junge Kunst.<\/p>\n\n\n\n<p>Zur feierlichen Vernissage am 9. Juli 2025 pr\u00e4sentierten die Kinder und Jugendlichen ein ebenso farbenfrohes wie ber\u00fchrendes Rahmenprogramm: Mit Liedbeitr\u00e4gen, einem Gedichtvortrag und ausdrucksstarker Tanzdarbietung brachten sie die Natur auch musikalisch und poetisch zum Ausdruck \u2013 und ernteten daf\u00fcr begeisterten Applaus von den zahlreichen G\u00e4sten.<\/p>\n\n\n\n<p>Die Einf\u00fchrung in die Ausstellung \u00fcbernahm Rektorin Heike Stober (Pestalozzi-Gemeinschaftsschule), die stellvertretend f\u00fcr alle drei Schulen sprach und die Gedanken hinter den ausgestellten Werken eindrucksvoll erl\u00e4uterte.<\/p>\n\n\n\n<p>Viel Lob f\u00fcr so viel Kreativit\u00e4t und Gemeinschaftsgeist gab es von B\u00fcrgermeister Christian Eheim, und Schulrat J\u00fcrgen Angerhofer vom Staatlichen Schulamt Karlsruhe.<\/p>\n\n\n\n<p>Als Anerkennung f\u00fcr das kreative Engagement \u00fcberreichte Sparkassendirektor Lutz Boden jeder Schule einen Scheck \u00fcber 500\u20ac zur Unterst\u00fctzung weiterer Projekte \u2013 ein Zeichen der Wertsch\u00e4tzung und F\u00f6rderung f\u00fcr die kulturelle Arbeit der Schulen.<\/p>\n\n\n\n<p>Zu sehen ist die Ausstellung noch bis zum 22. Juli 2025 w\u00e4hrend der \u00d6ffnungszeiten des Sparkassen-Beratungszentrums Graben-Neudorf.<\/p>\n\n\n\n<p>Ausstellende Schulen: Adolf-Ku\u00dfmaul-Grundschule, Erich-K\u00e4stner-Grundschule und Pestalozzi-Gemeinschaftsschule<\/p>\n\n\n\n<figure class=\"wp-block-image size-full\"><img loading=\"lazy\" decoding=\"async\" width=\"1200\" height=\"700\" src=\"https:\/\/sparkassenstiftungen-ka.de\/jugendstiftung\/wp-content\/uploads\/sites\/2\/2025\/07\/kreativitaet-in-der-schule-2025-scheck.webp\" alt=\"Kreativit\u00e4t in der Schule\" class=\"wp-image-3963\" srcset=\"https:\/\/sparkassenstiftungen-ka.de\/jugendstiftung\/wp-content\/uploads\/sites\/2\/2025\/07\/kreativitaet-in-der-schule-2025-scheck.webp 1200w, https:\/\/sparkassenstiftungen-ka.de\/jugendstiftung\/wp-content\/uploads\/sites\/2\/2025\/07\/kreativitaet-in-der-schule-2025-scheck-300x175.webp 300w, https:\/\/sparkassenstiftungen-ka.de\/jugendstiftung\/wp-content\/uploads\/sites\/2\/2025\/07\/kreativitaet-in-der-schule-2025-scheck-1024x597.webp 1024w, https:\/\/sparkassenstiftungen-ka.de\/jugendstiftung\/wp-content\/uploads\/sites\/2\/2025\/07\/kreativitaet-in-der-schule-2025-scheck-768x448.webp 768w\" sizes=\"auto, (max-width: 1200px) 100vw, 1200px\" \/><figcaption class=\"wp-element-caption\">v.l.n.r.: B\u00fcrgermeister Christian Eheim, Sparkassendirektor Lutz Boden, Rektorin Nadine Richter (Erich-K\u00e4stner-Grundschule), Rektorin Heike Stober (Pestalozzi-Gemeinschaftsschule), Rektorin Christine Leddin (Adolf-Ku\u00dfmaul-Grundschule), Filialleiter Dirk Saffert und Gesch\u00e4ftsf\u00fchrer der Jugendstiftung Axel Grether<\/figcaption><\/figure>\n","protected":false},"excerpt":{"rendered":"<p>Bunt, lebendig und mit allen Sinnen erfahrbar \u2013 unter dem Motto \u201eDie Natur spricht Farbe\u201c zeigen Sch\u00fcler:innen der drei Graben-Neudorfer Schulen, wie vielf\u00e4ltig und farbenfroh &#8230; <a title=\"98. Ausstellung im Rahmen von \u201eKreativit\u00e4t in der Schule\u201c\" class=\"read-more\" href=\"https:\/\/sparkassenstiftungen-ka.de\/jugendstiftung\/kreativitaet-musik\/kreativitaet-in-der-schule\/98-ausstellung-kreativitat-in-der-schule\/\" aria-label=\"Mehr Informationen \u00fcber 98. Ausstellung im Rahmen von \u201eKreativit\u00e4t in der Schule\u201c\">Weiterlesen &#8230;<\/a><\/p>\n","protected":false},"author":2,"featured_media":3962,"comment_status":"closed","ping_status":"closed","sticky":false,"template":"","format":"standard","meta":{"footnotes":""},"categories":[7],"tags":[],"class_list":["post-3960","post","type-post","status-publish","format-standard","has-post-thumbnail","hentry","category-kreativitaet-in-der-schule","resize-featured-image"],"_links":{"self":[{"href":"https:\/\/sparkassenstiftungen-ka.de\/jugendstiftung\/wp-json\/wp\/v2\/posts\/3960","targetHints":{"allow":["GET"]}}],"collection":[{"href":"https:\/\/sparkassenstiftungen-ka.de\/jugendstiftung\/wp-json\/wp\/v2\/posts"}],"about":[{"href":"https:\/\/sparkassenstiftungen-ka.de\/jugendstiftung\/wp-json\/wp\/v2\/types\/post"}],"author":[{"embeddable":true,"href":"https:\/\/sparkassenstiftungen-ka.de\/jugendstiftung\/wp-json\/wp\/v2\/users\/2"}],"replies":[{"embeddable":true,"href":"https:\/\/sparkassenstiftungen-ka.de\/jugendstiftung\/wp-json\/wp\/v2\/comments?post=3960"}],"version-history":[{"count":3,"href":"https:\/\/sparkassenstiftungen-ka.de\/jugendstiftung\/wp-json\/wp\/v2\/posts\/3960\/revisions"}],"predecessor-version":[{"id":3965,"href":"https:\/\/sparkassenstiftungen-ka.de\/jugendstiftung\/wp-json\/wp\/v2\/posts\/3960\/revisions\/3965"}],"wp:featuredmedia":[{"embeddable":true,"href":"https:\/\/sparkassenstiftungen-ka.de\/jugendstiftung\/wp-json\/wp\/v2\/media\/3962"}],"wp:attachment":[{"href":"https:\/\/sparkassenstiftungen-ka.de\/jugendstiftung\/wp-json\/wp\/v2\/media?parent=3960"}],"wp:term":[{"taxonomy":"category","embeddable":true,"href":"https:\/\/sparkassenstiftungen-ka.de\/jugendstiftung\/wp-json\/wp\/v2\/categories?post=3960"},{"taxonomy":"post_tag","embeddable":true,"href":"https:\/\/sparkassenstiftungen-ka.de\/jugendstiftung\/wp-json\/wp\/v2\/tags?post=3960"}],"curies":[{"name":"wp","href":"https:\/\/api.w.org\/{rel}","templated":true}]}}