{"id":3937,"date":"2025-06-05T08:04:19","date_gmt":"2025-06-05T06:04:19","guid":{"rendered":"https:\/\/sparkassenstiftungen-ka.de\/jugendstiftung\/?p=3937"},"modified":"2025-07-01T07:46:23","modified_gmt":"2025-07-01T05:46:23","slug":"preistraegerkonzert-sing-mit-2025","status":"publish","type":"post","link":"https:\/\/sparkassenstiftungen-ka.de\/jugendstiftung\/kreativitaet-musik\/chorwettbewerb-sing-mit\/preistraegerkonzert-sing-mit-2025\/","title":{"rendered":"Preistr\u00e4gerkonzert \u201eSing mit!\u201c 2025"},"content":{"rendered":"\n<h3 class=\"wp-block-heading\">Musik, die verbindet. Stimmen, die wachsen. Gemeinschaft, die klingt.<\/h3>\n\n\n\n<p>Zum achten Mal haben die Jugendstiftung der Sparkasse Karlsruhe und der Landesmusikrat Baden-W\u00fcrttemberg Grundschulkinder eingeladen, ihre Stimmen zu erheben \u2013 beim Kinderchorwettbewerb \u201eSing mit!\u201c. Was vor 19 Jahren mit einer Vision begann, ist heute eine feste Gr\u00f6\u00dfe in der Region: Ein Wettbewerb, der Klangr\u00e4ume schafft. F\u00fcr Kinder. F\u00fcr Schulen. F\u00fcr Familien.<\/p>\n\n\n\n<p>Zehn Ch\u00f6re pr\u00e4sentierten sich im M\u00e4rz beim Vorstellungskonzert im Schloss Gottesaue \u2013 mit Begeisterung, Hingabe und beeindruckendem Chorklang. F\u00fcnf von ihnen \u00fcberzeugten die Jury ganz besonders und wurden im Rahmen des Preistr\u00e4gerkonzerts am 4. Juni 2025 in der Badnerlandhalle ausgezeichnet.<\/p>\n\n\n\n<p>Die Jury vergab zwei 1. Preise, zwei 2. Preise sowie einen Sonderpreis:<\/p>\n\n\n\n<p><strong>1. Preis:<\/strong> \u201eOhrw\u00fcrmer\u201c der Nordschule Neureut und \u201eDie singenden Pinguine\u201c der S\u00fcdendgrundschule Karlsruhe<br><strong>2. Preis:<\/strong> \u201eCool Kids\u201c der Drais-Grundschule Karlsruhe und der Grundschulchor der Grundschule Hochstetten<br><strong>Sonderpreis:<\/strong> Grundschulchor der Carl-Benz-Schule Marxzell<\/p>\n\n\n\n<p>Die Kinder auf der B\u00fchne haben mit ihren Stimmen nicht nur Lieder gesungen \u2013 sie haben gezeigt, wie viel Kraft in Gemeinschaft steckt. Wie Musik Br\u00fccken baut. Und wie jedes Kind mit seiner Stimme z\u00e4hlt.<br>Ein besonderer Dank gilt den Chorleiter:innen, den Lehrkr\u00e4ften, Schulen und Familien, die diese musikalischen Erlebnisse m\u00f6glich machen \u2013 durch Engagement, Zeit und ganz viel Herz.<\/p>\n\n\n\n<p>Sparkassendirektor Lutz Boden w\u00fcrdigte die Bedeutung des Wettbewerbs ebenso wie die Vertreter:innen der Jury, Schul\u00e4mter und Gemeinden. Gemeinsam mit Axel Grether, Gesch\u00e4ftsf\u00fchrer der Jugendstiftung der Sparkasse Karlsruhe, \u00fcberreichte er die Urkunden und Preisgelder an die gl\u00fccklichen Gewinnerch\u00f6re. Moderiert wurde der Abend von Harald Maier, Generalsekret\u00e4r des Landesmusikrats Baden-W\u00fcrttemberg.<\/p>\n\n\n\n<figure class=\"wp-block-image size-large\"><img loading=\"lazy\" decoding=\"async\" width=\"1024\" height=\"683\" src=\"https:\/\/sparkassenstiftungen-ka.de\/jugendstiftung\/wp-content\/uploads\/sites\/2\/2025\/06\/GrundschuleHochstetten1-1024x683.webp\" alt=\"Auftritt des Grundschulchors der Grundschule Hochstetten mit Chorleitung Nadine Bamberger und Klavierbegleitung Helmut Albert.\" class=\"wp-image-3943\" srcset=\"https:\/\/sparkassenstiftungen-ka.de\/jugendstiftung\/wp-content\/uploads\/sites\/2\/2025\/06\/GrundschuleHochstetten1-1024x683.webp 1024w, https:\/\/sparkassenstiftungen-ka.de\/jugendstiftung\/wp-content\/uploads\/sites\/2\/2025\/06\/GrundschuleHochstetten1-300x200.webp 300w, https:\/\/sparkassenstiftungen-ka.de\/jugendstiftung\/wp-content\/uploads\/sites\/2\/2025\/06\/GrundschuleHochstetten1-768x512.webp 768w, https:\/\/sparkassenstiftungen-ka.de\/jugendstiftung\/wp-content\/uploads\/sites\/2\/2025\/06\/GrundschuleHochstetten1.webp 1200w\" sizes=\"auto, (max-width: 1024px) 100vw, 1024px\" \/><figcaption class=\"wp-element-caption\">Auftritt des Grundschulchors der Grundschule Hochstetten mit Chorleitung Nadine Bamberger und Klavierbegleitung Helmut Albert.<\/figcaption><\/figure>\n\n\n\n<figure class=\"wp-block-image size-large\"><img loading=\"lazy\" decoding=\"async\" width=\"1024\" height=\"683\" src=\"https:\/\/sparkassenstiftungen-ka.de\/jugendstiftung\/wp-content\/uploads\/sites\/2\/2025\/06\/Suedendgrundschule-1024x683.webp\" alt=\"Auftritt \u201eDie singenden Pinguine\u201c mit Chorleitung Ruth Greiling und Klavierbegleitung Lukas Ernst.\" class=\"wp-image-3945\" srcset=\"https:\/\/sparkassenstiftungen-ka.de\/jugendstiftung\/wp-content\/uploads\/sites\/2\/2025\/06\/Suedendgrundschule-1024x683.webp 1024w, https:\/\/sparkassenstiftungen-ka.de\/jugendstiftung\/wp-content\/uploads\/sites\/2\/2025\/06\/Suedendgrundschule-300x200.webp 300w, https:\/\/sparkassenstiftungen-ka.de\/jugendstiftung\/wp-content\/uploads\/sites\/2\/2025\/06\/Suedendgrundschule-768x512.webp 768w, https:\/\/sparkassenstiftungen-ka.de\/jugendstiftung\/wp-content\/uploads\/sites\/2\/2025\/06\/Suedendgrundschule.webp 1200w\" sizes=\"auto, (max-width: 1024px) 100vw, 1024px\" \/><figcaption class=\"wp-element-caption\">Auftritt \u201eDie singenden Pinguine\u201c mit Chorleitung Ruth Greiling und Klavierbegleitung Lukas Ernst.<\/figcaption><\/figure>\n\n\n\n<figure class=\"wp-block-image size-large\"><img loading=\"lazy\" decoding=\"async\" width=\"1024\" height=\"544\" src=\"https:\/\/sparkassenstiftungen-ka.de\/jugendstiftung\/wp-content\/uploads\/sites\/2\/2025\/06\/NordschuleNeureut-1024x544.webp\" alt=\"Auftritt der \u201eOhrw\u00fcrmer\u201c mit Chorleitung Birgit Hannig-Waag und Klavierbegleitung Olga Falkenstern.\" class=\"wp-image-3944\" srcset=\"https:\/\/sparkassenstiftungen-ka.de\/jugendstiftung\/wp-content\/uploads\/sites\/2\/2025\/06\/NordschuleNeureut-1024x544.webp 1024w, https:\/\/sparkassenstiftungen-ka.de\/jugendstiftung\/wp-content\/uploads\/sites\/2\/2025\/06\/NordschuleNeureut-300x159.webp 300w, https:\/\/sparkassenstiftungen-ka.de\/jugendstiftung\/wp-content\/uploads\/sites\/2\/2025\/06\/NordschuleNeureut-768x408.webp 768w, https:\/\/sparkassenstiftungen-ka.de\/jugendstiftung\/wp-content\/uploads\/sites\/2\/2025\/06\/NordschuleNeureut.webp 1200w\" sizes=\"auto, (max-width: 1024px) 100vw, 1024px\" \/><figcaption class=\"wp-element-caption\">Auftritt der \u201eOhrw\u00fcrmer\u201c mit Chorleitung Birgit Hannig-Waag und Klavierbegleitung Olga Falkenstern.<\/figcaption><\/figure>\n\n\n\n<figure class=\"wp-block-image size-large\"><img loading=\"lazy\" decoding=\"async\" width=\"1024\" height=\"683\" src=\"https:\/\/sparkassenstiftungen-ka.de\/jugendstiftung\/wp-content\/uploads\/sites\/2\/2025\/06\/Drais-Grundschule-1024x683.webp\" alt=\"Auftritt der \u201eCool Kids\u201c mit Chorleitung Aelita Corkill.\" class=\"wp-image-3949\" srcset=\"https:\/\/sparkassenstiftungen-ka.de\/jugendstiftung\/wp-content\/uploads\/sites\/2\/2025\/06\/Drais-Grundschule-1024x683.webp 1024w, https:\/\/sparkassenstiftungen-ka.de\/jugendstiftung\/wp-content\/uploads\/sites\/2\/2025\/06\/Drais-Grundschule-300x200.webp 300w, https:\/\/sparkassenstiftungen-ka.de\/jugendstiftung\/wp-content\/uploads\/sites\/2\/2025\/06\/Drais-Grundschule-768x512.webp 768w, https:\/\/sparkassenstiftungen-ka.de\/jugendstiftung\/wp-content\/uploads\/sites\/2\/2025\/06\/Drais-Grundschule.webp 1200w\" sizes=\"auto, (max-width: 1024px) 100vw, 1024px\" \/><figcaption class=\"wp-element-caption\">Auftritt der \u201eCool Kids\u201c mit Chorleitung Aelita Corkill.<\/figcaption><\/figure>\n\n\n\n<figure class=\"wp-block-image size-large\"><img loading=\"lazy\" decoding=\"async\" width=\"1024\" height=\"683\" src=\"https:\/\/sparkassenstiftungen-ka.de\/jugendstiftung\/wp-content\/uploads\/sites\/2\/2025\/06\/GrundschuleHochstetten-1024x683.webp\" alt=\"Auftritt des Grundschulchors der Grundschule Hochstetten mit Chorleitung Nadine Bamberger.\" class=\"wp-image-3950\" srcset=\"https:\/\/sparkassenstiftungen-ka.de\/jugendstiftung\/wp-content\/uploads\/sites\/2\/2025\/06\/GrundschuleHochstetten-1024x683.webp 1024w, https:\/\/sparkassenstiftungen-ka.de\/jugendstiftung\/wp-content\/uploads\/sites\/2\/2025\/06\/GrundschuleHochstetten-300x200.webp 300w, https:\/\/sparkassenstiftungen-ka.de\/jugendstiftung\/wp-content\/uploads\/sites\/2\/2025\/06\/GrundschuleHochstetten-768x512.webp 768w, https:\/\/sparkassenstiftungen-ka.de\/jugendstiftung\/wp-content\/uploads\/sites\/2\/2025\/06\/GrundschuleHochstetten.webp 1200w\" sizes=\"auto, (max-width: 1024px) 100vw, 1024px\" \/><figcaption class=\"wp-element-caption\">Auftritt des Grundschulchors der Grundschule Hochstetten mit Chorleitung Nadine Bamberger.<\/figcaption><\/figure>\n\n\n\n<figure class=\"wp-block-image size-large\"><img loading=\"lazy\" decoding=\"async\" width=\"1024\" height=\"683\" src=\"https:\/\/sparkassenstiftungen-ka.de\/jugendstiftung\/wp-content\/uploads\/sites\/2\/2025\/06\/Carl-Benz-Grundschule-1024x683.webp\" alt=\"Auftritt des Schulchors der Carl-Benz-Grundschule Marxzell mit Chorleitung Michaela Steppe und Klavierbegleitung Rebecca Hubbuch.\" class=\"wp-image-3948\" srcset=\"https:\/\/sparkassenstiftungen-ka.de\/jugendstiftung\/wp-content\/uploads\/sites\/2\/2025\/06\/Carl-Benz-Grundschule-1024x683.webp 1024w, https:\/\/sparkassenstiftungen-ka.de\/jugendstiftung\/wp-content\/uploads\/sites\/2\/2025\/06\/Carl-Benz-Grundschule-300x200.webp 300w, https:\/\/sparkassenstiftungen-ka.de\/jugendstiftung\/wp-content\/uploads\/sites\/2\/2025\/06\/Carl-Benz-Grundschule-768x512.webp 768w, https:\/\/sparkassenstiftungen-ka.de\/jugendstiftung\/wp-content\/uploads\/sites\/2\/2025\/06\/Carl-Benz-Grundschule.webp 1200w\" sizes=\"auto, (max-width: 1024px) 100vw, 1024px\" \/><figcaption class=\"wp-element-caption\">Auftritt des Schulchors der Carl-Benz-Grundschule Marxzell mit Chorleitung Michaela Steppe und Klavierbegleitung Rebecca Hubbuch.<\/figcaption><\/figure>\n\n\n\n<figure class=\"wp-block-image size-large\"><img loading=\"lazy\" decoding=\"async\" width=\"1024\" height=\"495\" src=\"https:\/\/sparkassenstiftungen-ka.de\/jugendstiftung\/wp-content\/uploads\/sites\/2\/2025\/06\/1_Preis_NordschuleNeureut-1024x495.webp\" alt=\"Mit dem 1. platzierten Chor \u201eOhrw\u00fcrmer\u201c der Nordschule Neureut freuen sich (v.l.n.r.:) Olga Falkenstern (Klavierbegleitung), Axel Grether (Gesch\u00e4ftsf\u00fchrer der Jugendstiftung der Sparkasse Karlsruhe), Sparkassendirektor Lutz Boden (Vorstandsmitglied der Sparkasse Karlsruhe), Ortsvorsteher Thomas J\u00e4ger, Birgit Hannig-Waag (Chorleitung), Johannes Ruckenbrod (Schulrat) und Prof. Andrea Raabe (Hochschule f\u00fcr Musik Karlsruhe).\" class=\"wp-image-3946\" srcset=\"https:\/\/sparkassenstiftungen-ka.de\/jugendstiftung\/wp-content\/uploads\/sites\/2\/2025\/06\/1_Preis_NordschuleNeureut-1024x495.webp 1024w, https:\/\/sparkassenstiftungen-ka.de\/jugendstiftung\/wp-content\/uploads\/sites\/2\/2025\/06\/1_Preis_NordschuleNeureut-300x145.webp 300w, https:\/\/sparkassenstiftungen-ka.de\/jugendstiftung\/wp-content\/uploads\/sites\/2\/2025\/06\/1_Preis_NordschuleNeureut-768x371.webp 768w, https:\/\/sparkassenstiftungen-ka.de\/jugendstiftung\/wp-content\/uploads\/sites\/2\/2025\/06\/1_Preis_NordschuleNeureut.webp 1200w\" sizes=\"auto, (max-width: 1024px) 100vw, 1024px\" \/><figcaption class=\"wp-element-caption\">Mit dem 1. platzierten Chor \u201eOhrw\u00fcrmer\u201c der Nordschule Neureut freuen sich (v.l.n.r.:) Olga Falkenstern (Klavierbegleitung), Axel Grether (Gesch\u00e4ftsf\u00fchrer der Jugendstiftung der Sparkasse Karlsruhe), Sparkassendirektor Lutz Boden (Vorstandsmitglied der Sparkasse Karlsruhe), Ortsvorsteher Thomas J\u00e4ger, Birgit Hannig-Waag (Chorleitung), Johannes Ruckenbrod (Schulrat) und Prof. Andrea Raabe (Hochschule f\u00fcr Musik Karlsruhe).<\/figcaption><\/figure>\n\n\n\n<figure class=\"wp-block-image size-large\"><img loading=\"lazy\" decoding=\"async\" width=\"1024\" height=\"624\" src=\"https:\/\/sparkassenstiftungen-ka.de\/jugendstiftung\/wp-content\/uploads\/sites\/2\/2025\/06\/1_Preis_Suedendgrundschule-1024x624.webp\" alt=\"Mit dem 1. platzierten Chor \u201eDie singenden Pinguine\u201c der S\u00fcdendgrundschule freuen sich (v.l.n.r.:) Axel Grether (Gesch\u00e4ftsf\u00fchrer der Jugendstiftung der Sparkasse Karlsruhe), Lukas Ernst (Klavierbegleitung), Sparkassendirektor Lutz Boden (Vorstandsmitglied der Sparkasse Karlsruhe), Johannes Ruckenbrod (Schulrat), Julia Kast (Konrektorin S\u00fcdendgrundschule), Ruth Greiling (Chorleitung) und Prof. Andrea Raabe (Hochschule f\u00fcr Musik Karlsruhe).\" class=\"wp-image-3947\" srcset=\"https:\/\/sparkassenstiftungen-ka.de\/jugendstiftung\/wp-content\/uploads\/sites\/2\/2025\/06\/1_Preis_Suedendgrundschule-1024x624.webp 1024w, https:\/\/sparkassenstiftungen-ka.de\/jugendstiftung\/wp-content\/uploads\/sites\/2\/2025\/06\/1_Preis_Suedendgrundschule-300x183.webp 300w, https:\/\/sparkassenstiftungen-ka.de\/jugendstiftung\/wp-content\/uploads\/sites\/2\/2025\/06\/1_Preis_Suedendgrundschule-768x468.webp 768w, https:\/\/sparkassenstiftungen-ka.de\/jugendstiftung\/wp-content\/uploads\/sites\/2\/2025\/06\/1_Preis_Suedendgrundschule.webp 1200w\" sizes=\"auto, (max-width: 1024px) 100vw, 1024px\" \/><figcaption class=\"wp-element-caption\">Mit dem 1. platzierten Chor \u201eDie singenden Pinguine\u201c der S\u00fcdendgrundschule freuen sich (v.l.n.r.:) Axel Grether (Gesch\u00e4ftsf\u00fchrer der Jugendstiftung der Sparkasse Karlsruhe), Lukas Ernst (Klavierbegleitung), Sparkassendirektor Lutz Boden (Vorstandsmitglied der Sparkasse Karlsruhe), Johannes Ruckenbrod (Schulrat), Julia Kast (Konrektorin S\u00fcdendgrundschule), Ruth Greiling (Chorleitung) und Prof. Andrea Raabe (Hochschule f\u00fcr Musik Karlsruhe).<\/figcaption><\/figure>\n","protected":false},"excerpt":{"rendered":"<p>Musik, die verbindet. Stimmen, die wachsen. Gemeinschaft, die klingt. Zum achten Mal haben die Jugendstiftung der Sparkasse Karlsruhe und der Landesmusikrat Baden-W\u00fcrttemberg Grundschulkinder eingeladen, ihre &#8230; <a title=\"Preistr\u00e4gerkonzert \u201eSing mit!\u201c 2025\" class=\"read-more\" href=\"https:\/\/sparkassenstiftungen-ka.de\/jugendstiftung\/kreativitaet-musik\/chorwettbewerb-sing-mit\/preistraegerkonzert-sing-mit-2025\/\" aria-label=\"Mehr Informationen \u00fcber Preistr\u00e4gerkonzert \u201eSing mit!\u201c 2025\">Weiterlesen &#8230;<\/a><\/p>\n","protected":false},"author":2,"featured_media":3954,"comment_status":"closed","ping_status":"closed","sticky":false,"template":"","format":"standard","meta":{"footnotes":""},"categories":[10],"tags":[],"class_list":["post-3937","post","type-post","status-publish","format-standard","has-post-thumbnail","hentry","category-chorwettbewerb-sing-mit","resize-featured-image"],"_links":{"self":[{"href":"https:\/\/sparkassenstiftungen-ka.de\/jugendstiftung\/wp-json\/wp\/v2\/posts\/3937","targetHints":{"allow":["GET"]}}],"collection":[{"href":"https:\/\/sparkassenstiftungen-ka.de\/jugendstiftung\/wp-json\/wp\/v2\/posts"}],"about":[{"href":"https:\/\/sparkassenstiftungen-ka.de\/jugendstiftung\/wp-json\/wp\/v2\/types\/post"}],"author":[{"embeddable":true,"href":"https:\/\/sparkassenstiftungen-ka.de\/jugendstiftung\/wp-json\/wp\/v2\/users\/2"}],"replies":[{"embeddable":true,"href":"https:\/\/sparkassenstiftungen-ka.de\/jugendstiftung\/wp-json\/wp\/v2\/comments?post=3937"}],"version-history":[{"count":4,"href":"https:\/\/sparkassenstiftungen-ka.de\/jugendstiftung\/wp-json\/wp\/v2\/posts\/3937\/revisions"}],"predecessor-version":[{"id":3953,"href":"https:\/\/sparkassenstiftungen-ka.de\/jugendstiftung\/wp-json\/wp\/v2\/posts\/3937\/revisions\/3953"}],"wp:featuredmedia":[{"embeddable":true,"href":"https:\/\/sparkassenstiftungen-ka.de\/jugendstiftung\/wp-json\/wp\/v2\/media\/3954"}],"wp:attachment":[{"href":"https:\/\/sparkassenstiftungen-ka.de\/jugendstiftung\/wp-json\/wp\/v2\/media?parent=3937"}],"wp:term":[{"taxonomy":"category","embeddable":true,"href":"https:\/\/sparkassenstiftungen-ka.de\/jugendstiftung\/wp-json\/wp\/v2\/categories?post=3937"},{"taxonomy":"post_tag","embeddable":true,"href":"https:\/\/sparkassenstiftungen-ka.de\/jugendstiftung\/wp-json\/wp\/v2\/tags?post=3937"}],"curies":[{"name":"wp","href":"https:\/\/api.w.org\/{rel}","templated":true}]}}