{"id":3885,"date":"2025-04-18T08:09:02","date_gmt":"2025-04-18T06:09:02","guid":{"rendered":"https:\/\/sparkassenstiftungen-ka.de\/jugendstiftung\/?p=3885"},"modified":"2025-05-07T17:16:08","modified_gmt":"2025-05-07T15:16:08","slug":"lampenfieber-feiert-filmpremiere","status":"publish","type":"post","link":"https:\/\/sparkassenstiftungen-ka.de\/jugendstiftung\/kreativitaet-musik\/film-vision-schul-contest\/lampenfieber-feiert-filmpremiere\/","title":{"rendered":"\u201eLampenfieber\u201c feiert Filmpremiere auf gro\u00dfer Leinwand"},"content":{"rendered":"\n<p>Die Aufregung der Sch\u00fcler:innen des Helmholtz-Gymnasiums Karlsruhe war bis zum Filmbeginn an diesem Samstagabend in der Schauburg deutlich zu sp\u00fcren. Ihr Film feierte bei der Award Gala der Independent Days|24. Internationale Filmfestspiele Karlsruhe im vollen Kinosaal Premiere.<\/p>\n\n\n\n<p>Dabei sind sie Spezialist:innen was das Thema Aufregung und Lampenfieber angeht \u2013 handelt doch ihr Film \u00fcber dieses Thema. Vielleicht war auch gerade deshalb nach Ende des Abspanns jede Form von Anspannung verflogen. Die Jugendlichen gaben wie selbstverst\u00e4ndlich und souver\u00e4n Einblicke in die Entstehung und in die Arbeit ihres Films.<\/p>\n\n\n\n<figure class=\"wp-block-image size-full\"><img loading=\"lazy\" decoding=\"async\" width=\"1200\" height=\"800\" src=\"https:\/\/sparkassenstiftungen-ka.de\/jugendstiftung\/wp-content\/uploads\/sites\/2\/2025\/04\/Lampenfieber-2025-kinosaal.webp\" alt=\"\u201eLampenfieber\u201c feiert Filmpremiere auf gro\u00dfer Leinwand\" class=\"wp-image-3886\" srcset=\"https:\/\/sparkassenstiftungen-ka.de\/jugendstiftung\/wp-content\/uploads\/sites\/2\/2025\/04\/Lampenfieber-2025-kinosaal.webp 1200w, https:\/\/sparkassenstiftungen-ka.de\/jugendstiftung\/wp-content\/uploads\/sites\/2\/2025\/04\/Lampenfieber-2025-kinosaal-300x200.webp 300w, https:\/\/sparkassenstiftungen-ka.de\/jugendstiftung\/wp-content\/uploads\/sites\/2\/2025\/04\/Lampenfieber-2025-kinosaal-1024x683.webp 1024w, https:\/\/sparkassenstiftungen-ka.de\/jugendstiftung\/wp-content\/uploads\/sites\/2\/2025\/04\/Lampenfieber-2025-kinosaal-768x512.webp 768w\" sizes=\"auto, (max-width: 1200px) 100vw, 1200px\" \/><figcaption class=\"wp-element-caption\">Die Nachwuchsfilmemacher:innen des Helmholtz-Gymnasiums direkt nach der Premiere im Gespr\u00e4ch \u00fcber die Entstehung ihres Films im Kinosaal, gemeinsam mit Filmemacher Atilla Lifeson (2.v.r.), ihrem stellvertretenden Schulleiter Nils La\u00dfmann (3.v.r.) und ihrem Lehrer Kamil Piecha (4.v.r.). Foto: FugeFoto<\/figcaption><\/figure>\n\n\n\n<p>Gemeinsam mit Filmemacher Atilla Lifeson haben sie in den letzten zwei Monaten alle relevanten Produktionsschritte kennengelernt und durchlaufen. Es wurde geplant, diskutiert, gefilmt, der Ton abgenommen, nachgedreht, das Schnittprogramm kennengelernt, das neue Wissen angewendet und so vieles mehr, sodass am Ende der fertige knapp sieben min\u00fctige Film \u201eLampenfieber\u201c als Mischung aus Dokumentar- und Kurzfilm steht!<\/p>\n\n\n\n<figure class=\"wp-block-image size-full\"><img loading=\"lazy\" decoding=\"async\" width=\"1200\" height=\"800\" src=\"https:\/\/sparkassenstiftungen-ka.de\/jugendstiftung\/wp-content\/uploads\/sites\/2\/2025\/04\/Lampenfieber-2025-treppe.webp\" alt=\"\u201eLampenfieber\u201c feiert Filmpremiere auf gro\u00dfer Leinwand\" class=\"wp-image-3887\" srcset=\"https:\/\/sparkassenstiftungen-ka.de\/jugendstiftung\/wp-content\/uploads\/sites\/2\/2025\/04\/Lampenfieber-2025-treppe.webp 1200w, https:\/\/sparkassenstiftungen-ka.de\/jugendstiftung\/wp-content\/uploads\/sites\/2\/2025\/04\/Lampenfieber-2025-treppe-300x200.webp 300w, https:\/\/sparkassenstiftungen-ka.de\/jugendstiftung\/wp-content\/uploads\/sites\/2\/2025\/04\/Lampenfieber-2025-treppe-1024x683.webp 1024w, https:\/\/sparkassenstiftungen-ka.de\/jugendstiftung\/wp-content\/uploads\/sites\/2\/2025\/04\/Lampenfieber-2025-treppe-768x512.webp 768w\" sizes=\"auto, (max-width: 1200px) 100vw, 1200px\" \/><figcaption class=\"wp-element-caption\">Sparkassendirektor Marc Sesemann (2.v.l.), Dr. Oliver Langewitz, Vorstand des Filmboard Karlsruhe und Festivalleiter (1.v.r.), sowie der Filmemacher Atilla Lifeson (1.v.l.) freuen sich mit den Sch\u00fcler:innen des Helmholtz-Gymnasiums und ihrem stellvertretenden Schulleiter Nils La\u00dfmann (2.v.r.) und ihrem Lehrer Kamil Piecha (3.v.r.). Foto: J\u00fcrgen R\u00f6sner<\/figcaption><\/figure>\n\n\n\n<p><br>Der langanhaltende Applaus, die Filmfest-Atmosph\u00e4re, der \u201erote Teppich\u201c, das Scheinwerferlicht und auch die Filme der Preistr\u00e4ger:innen w\u00e4hrend der Award Gala am 12. April 2025 waren auf jeden Fall f\u00fcr die Nachwuchsfilmemacher:innen ein Highlight und geb\u00fchrender Abschluss des nun schon 12. Film &amp; Vision Schul-Contest, der gemeinsam mit dem Filmboard Karlsruhe e. V. und der Jugendstiftung der Sparkasse ausgerichtet wird.<\/p>\n\n\n\n<h3 class=\"wp-block-heading\">Jetzt aber: Film ab!<\/h3>\n\n\n\n<figure class=\"wp-block-image size-full\"><a href=\"https:\/\/youtu.be\/HZVRub4IezU\"><img loading=\"lazy\" decoding=\"async\" width=\"1920\" height=\"1080\" src=\"https:\/\/sparkassenstiftungen-ka.de\/jugendstiftung\/wp-content\/uploads\/sites\/2\/2025\/05\/lampenfieber_youtube.webp\" alt=\"Youtube Video Lampenfieber\" class=\"wp-image-3922\" srcset=\"https:\/\/sparkassenstiftungen-ka.de\/jugendstiftung\/wp-content\/uploads\/sites\/2\/2025\/05\/lampenfieber_youtube.webp 1920w, https:\/\/sparkassenstiftungen-ka.de\/jugendstiftung\/wp-content\/uploads\/sites\/2\/2025\/05\/lampenfieber_youtube-300x169.webp 300w, https:\/\/sparkassenstiftungen-ka.de\/jugendstiftung\/wp-content\/uploads\/sites\/2\/2025\/05\/lampenfieber_youtube-1024x576.webp 1024w, https:\/\/sparkassenstiftungen-ka.de\/jugendstiftung\/wp-content\/uploads\/sites\/2\/2025\/05\/lampenfieber_youtube-768x432.webp 768w, https:\/\/sparkassenstiftungen-ka.de\/jugendstiftung\/wp-content\/uploads\/sites\/2\/2025\/05\/lampenfieber_youtube-1536x864.webp 1536w\" sizes=\"auto, (max-width: 1920px) 100vw, 1920px\" \/><\/a><figcaption class=\"wp-element-caption\">Ein Klick auf das obige Vorschaubild bringt Sie zum Video bei Youtube (externer Inhalt)<\/figcaption><\/figure>\n","protected":false},"excerpt":{"rendered":"<p>Die Aufregung der Sch\u00fcler:innen des Helmholtz-Gymnasiums Karlsruhe war bis zum Filmbeginn an diesem Samstagabend in der Schauburg deutlich zu sp\u00fcren. Ihr Film feierte bei der &#8230; <a title=\"\u201eLampenfieber\u201c feiert Filmpremiere auf gro\u00dfer Leinwand\" class=\"read-more\" href=\"https:\/\/sparkassenstiftungen-ka.de\/jugendstiftung\/kreativitaet-musik\/film-vision-schul-contest\/lampenfieber-feiert-filmpremiere\/\" aria-label=\"Mehr Informationen \u00fcber \u201eLampenfieber\u201c feiert Filmpremiere auf gro\u00dfer Leinwand\">Weiterlesen &#8230;<\/a><\/p>\n","protected":false},"author":2,"featured_media":3921,"comment_status":"closed","ping_status":"closed","sticky":false,"template":"","format":"standard","meta":{"footnotes":""},"categories":[6],"tags":[],"class_list":["post-3885","post","type-post","status-publish","format-standard","has-post-thumbnail","hentry","category-film-vision-schul-contest","resize-featured-image"],"_links":{"self":[{"href":"https:\/\/sparkassenstiftungen-ka.de\/jugendstiftung\/wp-json\/wp\/v2\/posts\/3885","targetHints":{"allow":["GET"]}}],"collection":[{"href":"https:\/\/sparkassenstiftungen-ka.de\/jugendstiftung\/wp-json\/wp\/v2\/posts"}],"about":[{"href":"https:\/\/sparkassenstiftungen-ka.de\/jugendstiftung\/wp-json\/wp\/v2\/types\/post"}],"author":[{"embeddable":true,"href":"https:\/\/sparkassenstiftungen-ka.de\/jugendstiftung\/wp-json\/wp\/v2\/users\/2"}],"replies":[{"embeddable":true,"href":"https:\/\/sparkassenstiftungen-ka.de\/jugendstiftung\/wp-json\/wp\/v2\/comments?post=3885"}],"version-history":[{"count":3,"href":"https:\/\/sparkassenstiftungen-ka.de\/jugendstiftung\/wp-json\/wp\/v2\/posts\/3885\/revisions"}],"predecessor-version":[{"id":3924,"href":"https:\/\/sparkassenstiftungen-ka.de\/jugendstiftung\/wp-json\/wp\/v2\/posts\/3885\/revisions\/3924"}],"wp:featuredmedia":[{"embeddable":true,"href":"https:\/\/sparkassenstiftungen-ka.de\/jugendstiftung\/wp-json\/wp\/v2\/media\/3921"}],"wp:attachment":[{"href":"https:\/\/sparkassenstiftungen-ka.de\/jugendstiftung\/wp-json\/wp\/v2\/media?parent=3885"}],"wp:term":[{"taxonomy":"category","embeddable":true,"href":"https:\/\/sparkassenstiftungen-ka.de\/jugendstiftung\/wp-json\/wp\/v2\/categories?post=3885"},{"taxonomy":"post_tag","embeddable":true,"href":"https:\/\/sparkassenstiftungen-ka.de\/jugendstiftung\/wp-json\/wp\/v2\/tags?post=3885"}],"curies":[{"name":"wp","href":"https:\/\/api.w.org\/{rel}","templated":true}]}}