{"id":3819,"date":"2025-02-20T18:13:36","date_gmt":"2025-02-20T17:13:36","guid":{"rendered":"https:\/\/sparkassenstiftungen-ka.de\/jugendstiftung\/?p=3819"},"modified":"2025-02-25T18:21:30","modified_gmt":"2025-02-25T17:21:30","slug":"pokaluebergabe-36-schueler-leichtathletik-meisterschaften","status":"publish","type":"post","link":"https:\/\/sparkassenstiftungen-ka.de\/jugendstiftung\/sportfoerderung\/leichtathletik-meisterschaften\/pokaluebergabe-36-schueler-leichtathletik-meisterschaften\/","title":{"rendered":"Pokal\u00fcbergabe der 36. Sch\u00fcler-Leichtathletik-Meisterschaften"},"content":{"rendered":"\n<p>Bereits zum 36. Mal wetteiferten knapp 850 Sch\u00fcler:innen bei den Sch\u00fcler-Leichtathletik-Meisterschaften der Jugendstiftung der Sparkasse Karlsruhe und der Leichtathletik-Gemeinschaft Region Karlsruhe um ihre pers\u00f6nlichen Bestleistungen im Laufen, Weit- und Hochsprung.<\/p>\n\n\n\n<p>Die Einzelsieger:innen ihrer Disziplinen und Jahrg\u00e4nge wurden direkt am Wettkampftag mit Medaillen und Urkunden in der Europahalle belohnt. Mit den pers\u00f6nlichen Leistungen wurden au\u00dferdem flei\u00dfig Punkte f\u00fcr die Schulwertung gesammelt.<\/p>\n\n\n\n<p>Die bestplatzierten Schulteams feierten nun ihre Erfolge am 20. Februar 2025 in der Sparkasse am Europaplatz. Geehrt wurden jeweils die drei punktreichsten Teams jeder Schulart. Sie durften sich \u00fcber Urkunden und Geldpreise freuen. Die Gruppensieger erhielten zudem den begehrten Wanderpokal.<\/p>\n\n\n\n<p>Gruppensieger bei den Gymnasien war das Otto-Hahn-Gymnasium. In der Gruppe der Werkreal-, Real- und Gemeinschaftsschulen belegte die Anne-Frank-Realschule Ettlingen den ersten Platz. Bei den Grundschulen f\u00fchrte die Riedschule R\u00fcppurr das Feld an. Erste unter den Sonderp\u00e4dagogischen Bildungs- und Beratungszentren (SBBZ) wurde die Lidellschule.<\/p>\n\n\n\n<h2 class=\"wp-block-heading\">Gymnasien<\/h2>\n\n\n\n<h3 class=\"wp-block-heading\">Platz 1: Otto-Hahn-Gymnasium<\/h3>\n\n\n\n<figure class=\"wp-block-image size-full\"><img loading=\"lazy\" decoding=\"async\" width=\"1200\" height=\"800\" src=\"https:\/\/sparkassenstiftungen-ka.de\/jugendstiftung\/wp-content\/uploads\/sites\/2\/2025\/02\/2025-Otto-Hahn-Gymnasium-Pokaluebergabe-Leichtathletik.webp\" alt=\"Otto-Hahn-Gymnasium\" class=\"wp-image-3811\" srcset=\"https:\/\/sparkassenstiftungen-ka.de\/jugendstiftung\/wp-content\/uploads\/sites\/2\/2025\/02\/2025-Otto-Hahn-Gymnasium-Pokaluebergabe-Leichtathletik.webp 1200w, https:\/\/sparkassenstiftungen-ka.de\/jugendstiftung\/wp-content\/uploads\/sites\/2\/2025\/02\/2025-Otto-Hahn-Gymnasium-Pokaluebergabe-Leichtathletik-300x200.webp 300w, https:\/\/sparkassenstiftungen-ka.de\/jugendstiftung\/wp-content\/uploads\/sites\/2\/2025\/02\/2025-Otto-Hahn-Gymnasium-Pokaluebergabe-Leichtathletik-1024x683.webp 1024w, https:\/\/sparkassenstiftungen-ka.de\/jugendstiftung\/wp-content\/uploads\/sites\/2\/2025\/02\/2025-Otto-Hahn-Gymnasium-Pokaluebergabe-Leichtathletik-768x512.webp 768w\" sizes=\"auto, (max-width: 1200px) 100vw, 1200px\" \/><figcaption class=\"wp-element-caption\">Stolz pr\u00e4sentieren die Sch\u00fcler:innen des Otto-Hahn-Gymnasiums ihren Wanderpokal, Scheck und ihre Urkunde. Mit ihnen freuen sich (v. l. n. r.) Klaus Albrecht, Zentrum f\u00fcr Schulqualit\u00e4t und Lehrerbildung, ihr Lehrer Georg Zwirner, Patrick Scheef von der Leichtathletik-Gemeinschaft Region Karlsruhe, Gerda Desserich, Mitglied Sportausschuss Stadt Karlsruhe und Sparkassendirektor Thomas Schroff, stv. Vorstandsvorsitzender der Sparkasse Karlsruhe.<\/figcaption><\/figure>\n\n\n\n<h3 class=\"wp-block-heading\">Platz 2: Goethe-Gymnasium<\/h3>\n\n\n\n<figure class=\"wp-block-image size-full\"><img loading=\"lazy\" decoding=\"async\" width=\"1200\" height=\"800\" src=\"https:\/\/sparkassenstiftungen-ka.de\/jugendstiftung\/wp-content\/uploads\/sites\/2\/2025\/02\/2025-Goethe-Gymnasium-Pokaluebergabe-Leichtathletik.webp\" alt=\"Goethe-Gymnasium\" class=\"wp-image-3818\" srcset=\"https:\/\/sparkassenstiftungen-ka.de\/jugendstiftung\/wp-content\/uploads\/sites\/2\/2025\/02\/2025-Goethe-Gymnasium-Pokaluebergabe-Leichtathletik.webp 1200w, https:\/\/sparkassenstiftungen-ka.de\/jugendstiftung\/wp-content\/uploads\/sites\/2\/2025\/02\/2025-Goethe-Gymnasium-Pokaluebergabe-Leichtathletik-300x200.webp 300w, https:\/\/sparkassenstiftungen-ka.de\/jugendstiftung\/wp-content\/uploads\/sites\/2\/2025\/02\/2025-Goethe-Gymnasium-Pokaluebergabe-Leichtathletik-1024x683.webp 1024w, https:\/\/sparkassenstiftungen-ka.de\/jugendstiftung\/wp-content\/uploads\/sites\/2\/2025\/02\/2025-Goethe-Gymnasium-Pokaluebergabe-Leichtathletik-768x512.webp 768w\" sizes=\"auto, (max-width: 1200px) 100vw, 1200px\" \/><figcaption class=\"wp-element-caption\">Stolz pr\u00e4sentieren die Sch\u00fcler:innen des Goethe-Gymnasiums ihren Scheck und ihre Urkunde. Mit ihnen freuen sich (hintere Reihe v. l. n. r.) Klaus Albrecht, Zentrum f\u00fcr Schulqualit\u00e4t und Lehrerbildung, Patrick Scheef von der Leichtathletik-Gemeinschaft Region Karlsruhe, ihr Lehrer Benjamin Morlock und Sparkassendirektor Thomas Schroff, stv. Vorstandsvorsitzender der Sparkasse Karlsruhe.<\/figcaption><\/figure>\n\n\n\n<h3 class=\"wp-block-heading\">Platz 3: Markgrafen-Gymnasium<\/h3>\n\n\n\n<figure class=\"wp-block-image size-full\"><img loading=\"lazy\" decoding=\"async\" width=\"1200\" height=\"800\" src=\"https:\/\/sparkassenstiftungen-ka.de\/jugendstiftung\/wp-content\/uploads\/sites\/2\/2025\/02\/2025-Markgrafen-Gymnasium-Pokaluebergabe-Leichtathletik.webp\" alt=\"Markgrafen-Gymnasium Durlach\" class=\"wp-image-3810\" srcset=\"https:\/\/sparkassenstiftungen-ka.de\/jugendstiftung\/wp-content\/uploads\/sites\/2\/2025\/02\/2025-Markgrafen-Gymnasium-Pokaluebergabe-Leichtathletik.webp 1200w, https:\/\/sparkassenstiftungen-ka.de\/jugendstiftung\/wp-content\/uploads\/sites\/2\/2025\/02\/2025-Markgrafen-Gymnasium-Pokaluebergabe-Leichtathletik-300x200.webp 300w, https:\/\/sparkassenstiftungen-ka.de\/jugendstiftung\/wp-content\/uploads\/sites\/2\/2025\/02\/2025-Markgrafen-Gymnasium-Pokaluebergabe-Leichtathletik-1024x683.webp 1024w, https:\/\/sparkassenstiftungen-ka.de\/jugendstiftung\/wp-content\/uploads\/sites\/2\/2025\/02\/2025-Markgrafen-Gymnasium-Pokaluebergabe-Leichtathletik-768x512.webp 768w\" sizes=\"auto, (max-width: 1200px) 100vw, 1200px\" \/><figcaption class=\"wp-element-caption\">Stolz pr\u00e4sentieren die Sch\u00fcler:innen des Markgrafen-Gymnasiums Durlach ihren Scheck und ihre Urkunde. Mit ihnen freuen sich (v. l. n. r.) Roland Laue, stv. Stadtamtsleiter von Durlach, Patrick Scheef von der Leichtathletik-Gemeinschaft Region Karlsruhe, ihr Lehrer Markus Zehnle und Sparkassendirektor Thomas Schroff, stv. Vorstandsvorsitzender der Sparkasse Karlsruhe.<\/figcaption><\/figure>\n\n\n\n<div style=\"height:61px\" aria-hidden=\"true\" class=\"wp-block-spacer\"><\/div>\n\n\n\n<h2 class=\"wp-block-heading\">Werkreal-, Real- und Gemeinschaftsschulen<\/h2>\n\n\n\n<h3 class=\"wp-block-heading\">Platz 1: Anne-Frank-Realschule Ettlingen<\/h3>\n\n\n\n<figure class=\"wp-block-image size-full\"><img loading=\"lazy\" decoding=\"async\" width=\"1200\" height=\"800\" src=\"https:\/\/sparkassenstiftungen-ka.de\/jugendstiftung\/wp-content\/uploads\/sites\/2\/2025\/02\/2025-Anne-Frank-Realschule-Pokaluebergabe-Leichtathletik.webp\" alt=\"Anne-Frank-Realschule Ettlingen\" class=\"wp-image-3815\" srcset=\"https:\/\/sparkassenstiftungen-ka.de\/jugendstiftung\/wp-content\/uploads\/sites\/2\/2025\/02\/2025-Anne-Frank-Realschule-Pokaluebergabe-Leichtathletik.webp 1200w, https:\/\/sparkassenstiftungen-ka.de\/jugendstiftung\/wp-content\/uploads\/sites\/2\/2025\/02\/2025-Anne-Frank-Realschule-Pokaluebergabe-Leichtathletik-300x200.webp 300w, https:\/\/sparkassenstiftungen-ka.de\/jugendstiftung\/wp-content\/uploads\/sites\/2\/2025\/02\/2025-Anne-Frank-Realschule-Pokaluebergabe-Leichtathletik-1024x683.webp 1024w, https:\/\/sparkassenstiftungen-ka.de\/jugendstiftung\/wp-content\/uploads\/sites\/2\/2025\/02\/2025-Anne-Frank-Realschule-Pokaluebergabe-Leichtathletik-768x512.webp 768w\" sizes=\"auto, (max-width: 1200px) 100vw, 1200px\" \/><figcaption class=\"wp-element-caption\">Stolz pr\u00e4sentieren die Sch\u00fcler:innen der Anne-Frank-Realschule Ettlingen ihren Wanderpokal, Scheck und ihre Urkunde. Mit ihnen freuen sich Klaus Albrecht, Zentrum f\u00fcr Schulqualit\u00e4t und Lehrerbildung (hintere Reihe 1. v. l.), Patrick Scheef von der Leichtathletik-Gemeinschaft Region Karlsruhe (hintere Reihe 3. v. l.), Gerda Desserich, Mitglied Sportausschuss Stadt Karlsruhe (hintere Reihe 4. v. l.) und Sparkassendirektor Thomas Schroff, stv. Vorstandsvorsitzender der Sparkasse Karlsruhe (1. v. r.).<\/figcaption><\/figure>\n\n\n\n<h3 class=\"wp-block-heading\">Platz 2: Tulla-Realschule<\/h3>\n\n\n\n<figure class=\"wp-block-image size-full\"><img loading=\"lazy\" decoding=\"async\" width=\"1200\" height=\"800\" src=\"https:\/\/sparkassenstiftungen-ka.de\/jugendstiftung\/wp-content\/uploads\/sites\/2\/2025\/02\/2025-Tulla-Realschule-Pokaluebergabe-Leichtathletik.webp\" alt=\"Tulla-Realschule\" class=\"wp-image-3813\" srcset=\"https:\/\/sparkassenstiftungen-ka.de\/jugendstiftung\/wp-content\/uploads\/sites\/2\/2025\/02\/2025-Tulla-Realschule-Pokaluebergabe-Leichtathletik.webp 1200w, https:\/\/sparkassenstiftungen-ka.de\/jugendstiftung\/wp-content\/uploads\/sites\/2\/2025\/02\/2025-Tulla-Realschule-Pokaluebergabe-Leichtathletik-300x200.webp 300w, https:\/\/sparkassenstiftungen-ka.de\/jugendstiftung\/wp-content\/uploads\/sites\/2\/2025\/02\/2025-Tulla-Realschule-Pokaluebergabe-Leichtathletik-1024x683.webp 1024w, https:\/\/sparkassenstiftungen-ka.de\/jugendstiftung\/wp-content\/uploads\/sites\/2\/2025\/02\/2025-Tulla-Realschule-Pokaluebergabe-Leichtathletik-768x512.webp 768w\" sizes=\"auto, (max-width: 1200px) 100vw, 1200px\" \/><figcaption class=\"wp-element-caption\">Stolz pr\u00e4sentieren die Sch\u00fcler:innen der Tulla-Realschule ihren Scheck und ihre Urkunde. Mit ihnen freuen sich Patrick Scheef von der Leichtathletik-Gemeinschaft Region Karlsruhe (hintere Reihe 1. v. l.), Gerda Desserich, Mitglied Sportausschuss Stadt Karlsruhe (hintere Reihe 2. v. l.) und Sparkassendirektor Thomas Schroff, stv. Vorstandsvorsitzender der Sparkasse Karlsruhe (hintere Reihe 1. v. r.).<\/figcaption><\/figure>\n\n\n\n<h3 class=\"wp-block-heading\">Platz 3: Ernst-Reuter-Schule (GMS)<\/h3>\n\n\n\n<figure class=\"wp-block-image size-full\"><img loading=\"lazy\" decoding=\"async\" width=\"1200\" height=\"800\" src=\"https:\/\/sparkassenstiftungen-ka.de\/jugendstiftung\/wp-content\/uploads\/sites\/2\/2025\/02\/2025-Ernst-Reuter-Schule-Pokaluebergabe-Leichtathletik.webp\" alt=\"Ernst-Reuter-Schule (GMS)\" class=\"wp-image-3816\" srcset=\"https:\/\/sparkassenstiftungen-ka.de\/jugendstiftung\/wp-content\/uploads\/sites\/2\/2025\/02\/2025-Ernst-Reuter-Schule-Pokaluebergabe-Leichtathletik.webp 1200w, https:\/\/sparkassenstiftungen-ka.de\/jugendstiftung\/wp-content\/uploads\/sites\/2\/2025\/02\/2025-Ernst-Reuter-Schule-Pokaluebergabe-Leichtathletik-300x200.webp 300w, https:\/\/sparkassenstiftungen-ka.de\/jugendstiftung\/wp-content\/uploads\/sites\/2\/2025\/02\/2025-Ernst-Reuter-Schule-Pokaluebergabe-Leichtathletik-1024x683.webp 1024w, https:\/\/sparkassenstiftungen-ka.de\/jugendstiftung\/wp-content\/uploads\/sites\/2\/2025\/02\/2025-Ernst-Reuter-Schule-Pokaluebergabe-Leichtathletik-768x512.webp 768w\" sizes=\"auto, (max-width: 1200px) 100vw, 1200px\" \/><figcaption class=\"wp-element-caption\">Stolz pr\u00e4sentieren die Sch\u00fcler:innen der Ernst-Reuter-Schule (GMS) ihren Scheck und ihre Urkunde. Mit ihnen freuen sich Klaus Albrecht, Zentrum f\u00fcr Schulqualit\u00e4t und Lehrerbildung (hintere Reihe 1. v. l.), Patrick Scheef von der Leichtathletik-Gemeinschaft Region Karlsruhe (hintere Reihe 2. v. r.) und Sparkassendirektor Thomas Schroff, stv. Vorstandsvorsitzender der Sparkasse Karlsruhe (hintere Reihe 1. v. r.).<\/figcaption><\/figure>\n\n\n\n<div style=\"height:60px\" aria-hidden=\"true\" class=\"wp-block-spacer\"><\/div>\n\n\n\n<h2 class=\"wp-block-heading\">Grundschulen<\/h2>\n\n\n\n<h3 class=\"wp-block-heading\">Platz 1: Riedschule R\u00fcppurr<\/h3>\n\n\n\n<figure class=\"wp-block-image size-full\"><img loading=\"lazy\" decoding=\"async\" width=\"1200\" height=\"800\" src=\"https:\/\/sparkassenstiftungen-ka.de\/jugendstiftung\/wp-content\/uploads\/sites\/2\/2025\/02\/2025-Riedschule-Pokaluebergabe-Leichtathletik.webp\" alt=\"Riedschule R\u00fcppurr\" class=\"wp-image-3812\" srcset=\"https:\/\/sparkassenstiftungen-ka.de\/jugendstiftung\/wp-content\/uploads\/sites\/2\/2025\/02\/2025-Riedschule-Pokaluebergabe-Leichtathletik.webp 1200w, https:\/\/sparkassenstiftungen-ka.de\/jugendstiftung\/wp-content\/uploads\/sites\/2\/2025\/02\/2025-Riedschule-Pokaluebergabe-Leichtathletik-300x200.webp 300w, https:\/\/sparkassenstiftungen-ka.de\/jugendstiftung\/wp-content\/uploads\/sites\/2\/2025\/02\/2025-Riedschule-Pokaluebergabe-Leichtathletik-1024x683.webp 1024w, https:\/\/sparkassenstiftungen-ka.de\/jugendstiftung\/wp-content\/uploads\/sites\/2\/2025\/02\/2025-Riedschule-Pokaluebergabe-Leichtathletik-768x512.webp 768w\" sizes=\"auto, (max-width: 1200px) 100vw, 1200px\" \/><figcaption class=\"wp-element-caption\">Stolz pr\u00e4sentieren die Sch\u00fcler:innen der Riedschule R\u00fcppurr ihren Wanderpokal, Scheck und ihre Urkunde. Mit ihnen freuen sich (v. l. n. r.) Klaus Albrecht, Zentrum f\u00fcr Schulqualit\u00e4t und Lehrerbildung, ihre Lehrerin Silke Drollinger, Sparkassendirektor Thomas Schroff, stv. Vorstandsvorsitzender der Sparkasse Karlsruhe und Gerda Desserich, Mitglied Sportausschuss Stadt Karlsruhe.<\/figcaption><\/figure>\n\n\n\n<h3 class=\"wp-block-heading\">Platz 2: Weiherwald-Grundschule<\/h3>\n\n\n\n<figure class=\"wp-block-image size-full\"><img loading=\"lazy\" decoding=\"async\" width=\"1200\" height=\"800\" src=\"https:\/\/sparkassenstiftungen-ka.de\/jugendstiftung\/wp-content\/uploads\/sites\/2\/2025\/02\/2025-Weiherwald-GS-Pokaluebergabe-Leichtathletik.webp\" alt=\"Weiherwald-Grundschule\" class=\"wp-image-3814\" srcset=\"https:\/\/sparkassenstiftungen-ka.de\/jugendstiftung\/wp-content\/uploads\/sites\/2\/2025\/02\/2025-Weiherwald-GS-Pokaluebergabe-Leichtathletik.webp 1200w, https:\/\/sparkassenstiftungen-ka.de\/jugendstiftung\/wp-content\/uploads\/sites\/2\/2025\/02\/2025-Weiherwald-GS-Pokaluebergabe-Leichtathletik-300x200.webp 300w, https:\/\/sparkassenstiftungen-ka.de\/jugendstiftung\/wp-content\/uploads\/sites\/2\/2025\/02\/2025-Weiherwald-GS-Pokaluebergabe-Leichtathletik-1024x683.webp 1024w, https:\/\/sparkassenstiftungen-ka.de\/jugendstiftung\/wp-content\/uploads\/sites\/2\/2025\/02\/2025-Weiherwald-GS-Pokaluebergabe-Leichtathletik-768x512.webp 768w\" sizes=\"auto, (max-width: 1200px) 100vw, 1200px\" \/><figcaption class=\"wp-element-caption\">Stolz pr\u00e4sentieren die Sch\u00fcler:innen der Weiherwald-Grundschule ihren Scheck und ihre Urkunde. Mit ihnen freuen sich (v. l. n. r.) Patrick Scheef von der Leichtathletik-Gemeinschaft Region Karlsruhe, ihre Lehrerin Silke Hauser und Sparkassendirektor Thomas Schroff, stv. Vorstandsvorsitzender der Sparkasse Karlsruhe.<\/figcaption><\/figure>\n\n\n\n<h3 class=\"wp-block-heading\">Platz 3: Gemeinschaftsschule Eggenstein (GS)<\/h3>\n\n\n\n<figure class=\"wp-block-image size-full\"><img loading=\"lazy\" decoding=\"async\" width=\"1200\" height=\"800\" src=\"https:\/\/sparkassenstiftungen-ka.de\/jugendstiftung\/wp-content\/uploads\/sites\/2\/2025\/02\/2025-GMS-Eggenstein-Pokaluebergabe-Leichtathletik.webp\" alt=\"Gemeinschaftsschule Eggenstein (GS)\" class=\"wp-image-3817\" srcset=\"https:\/\/sparkassenstiftungen-ka.de\/jugendstiftung\/wp-content\/uploads\/sites\/2\/2025\/02\/2025-GMS-Eggenstein-Pokaluebergabe-Leichtathletik.webp 1200w, https:\/\/sparkassenstiftungen-ka.de\/jugendstiftung\/wp-content\/uploads\/sites\/2\/2025\/02\/2025-GMS-Eggenstein-Pokaluebergabe-Leichtathletik-300x200.webp 300w, https:\/\/sparkassenstiftungen-ka.de\/jugendstiftung\/wp-content\/uploads\/sites\/2\/2025\/02\/2025-GMS-Eggenstein-Pokaluebergabe-Leichtathletik-1024x683.webp 1024w, https:\/\/sparkassenstiftungen-ka.de\/jugendstiftung\/wp-content\/uploads\/sites\/2\/2025\/02\/2025-GMS-Eggenstein-Pokaluebergabe-Leichtathletik-768x512.webp 768w\" sizes=\"auto, (max-width: 1200px) 100vw, 1200px\" \/><figcaption class=\"wp-element-caption\">Stolz pr\u00e4sentieren die Sch\u00fcler:innen der Gemeinschaftsschule Eggenstein (GS) ihren Scheck und ihre Urkunde. Mit ihnen freuen sich B\u00fcrgermeister Lukas Lang (hintere Reihe 2. v. l.) und Sparkassendirektor Thomas Schroff, stv. Vorstandsvorsitzender der Sparkasse Karlsruhe (hintere Reihe 1. v. r.).<\/figcaption><\/figure>\n\n\n\n<div style=\"height:62px\" aria-hidden=\"true\" class=\"wp-block-spacer\"><\/div>\n\n\n\n<h2 class=\"wp-block-heading\">SBBZ<\/h2>\n\n\n\n<h3 class=\"wp-block-heading\"><strong>Platz 1: Lidellschule<\/strong><\/h3>\n\n\n\n<figure class=\"wp-block-image size-full\"><img loading=\"lazy\" decoding=\"async\" width=\"1200\" height=\"800\" src=\"https:\/\/sparkassenstiftungen-ka.de\/jugendstiftung\/wp-content\/uploads\/sites\/2\/2025\/02\/2025-Lidellschule-Pokaluebergabe-Leichtathletik.webp\" alt=\"Lidellschule\" class=\"wp-image-3809\" srcset=\"https:\/\/sparkassenstiftungen-ka.de\/jugendstiftung\/wp-content\/uploads\/sites\/2\/2025\/02\/2025-Lidellschule-Pokaluebergabe-Leichtathletik.webp 1200w, https:\/\/sparkassenstiftungen-ka.de\/jugendstiftung\/wp-content\/uploads\/sites\/2\/2025\/02\/2025-Lidellschule-Pokaluebergabe-Leichtathletik-300x200.webp 300w, https:\/\/sparkassenstiftungen-ka.de\/jugendstiftung\/wp-content\/uploads\/sites\/2\/2025\/02\/2025-Lidellschule-Pokaluebergabe-Leichtathletik-1024x683.webp 1024w, https:\/\/sparkassenstiftungen-ka.de\/jugendstiftung\/wp-content\/uploads\/sites\/2\/2025\/02\/2025-Lidellschule-Pokaluebergabe-Leichtathletik-768x512.webp 768w\" sizes=\"auto, (max-width: 1200px) 100vw, 1200px\" \/><figcaption class=\"wp-element-caption\">Stolz pr\u00e4sentieren die Sch\u00fcler:innen der Lidellschule ihren Wanderpokal, Scheck und ihre Urkunde. Mit ihnen freuen sich (v. l. n. r.) Patrick Scheef von der Leichtathletik-Gemeinschaft Region Karlsruhe, Gerda Desserich, Mitglied Sportausschuss Stadt Karlsruhe, ihre Lehrerin Dietlind Sch\u00f6rk und Sparkassendirektor Thomas Schroff, stv. Vorstandsvorsitzender der Sparkasse Karlsruhe (1. v. r.).<\/figcaption><\/figure>\n","protected":false},"excerpt":{"rendered":"<p>Bereits zum 36. Mal wetteiferten knapp 850 Sch\u00fcler:innen bei den Sch\u00fcler-Leichtathletik-Meisterschaften der Jugendstiftung der Sparkasse Karlsruhe und der Leichtathletik-Gemeinschaft Region Karlsruhe um ihre pers\u00f6nlichen Bestleistungen &#8230; <a title=\"Pokal\u00fcbergabe der 36. Sch\u00fcler-Leichtathletik-Meisterschaften\" class=\"read-more\" href=\"https:\/\/sparkassenstiftungen-ka.de\/jugendstiftung\/sportfoerderung\/leichtathletik-meisterschaften\/pokaluebergabe-36-schueler-leichtathletik-meisterschaften\/\" aria-label=\"Mehr Informationen \u00fcber Pokal\u00fcbergabe der 36. Sch\u00fcler-Leichtathletik-Meisterschaften\">Weiterlesen &#8230;<\/a><\/p>\n","protected":false},"author":2,"featured_media":3777,"comment_status":"closed","ping_status":"closed","sticky":false,"template":"","format":"standard","meta":{"footnotes":""},"categories":[16],"tags":[],"class_list":["post-3819","post","type-post","status-publish","format-standard","has-post-thumbnail","hentry","category-leichtathletik-meisterschaften","resize-featured-image"],"_links":{"self":[{"href":"https:\/\/sparkassenstiftungen-ka.de\/jugendstiftung\/wp-json\/wp\/v2\/posts\/3819","targetHints":{"allow":["GET"]}}],"collection":[{"href":"https:\/\/sparkassenstiftungen-ka.de\/jugendstiftung\/wp-json\/wp\/v2\/posts"}],"about":[{"href":"https:\/\/sparkassenstiftungen-ka.de\/jugendstiftung\/wp-json\/wp\/v2\/types\/post"}],"author":[{"embeddable":true,"href":"https:\/\/sparkassenstiftungen-ka.de\/jugendstiftung\/wp-json\/wp\/v2\/users\/2"}],"replies":[{"embeddable":true,"href":"https:\/\/sparkassenstiftungen-ka.de\/jugendstiftung\/wp-json\/wp\/v2\/comments?post=3819"}],"version-history":[{"count":2,"href":"https:\/\/sparkassenstiftungen-ka.de\/jugendstiftung\/wp-json\/wp\/v2\/posts\/3819\/revisions"}],"predecessor-version":[{"id":3822,"href":"https:\/\/sparkassenstiftungen-ka.de\/jugendstiftung\/wp-json\/wp\/v2\/posts\/3819\/revisions\/3822"}],"wp:featuredmedia":[{"embeddable":true,"href":"https:\/\/sparkassenstiftungen-ka.de\/jugendstiftung\/wp-json\/wp\/v2\/media\/3777"}],"wp:attachment":[{"href":"https:\/\/sparkassenstiftungen-ka.de\/jugendstiftung\/wp-json\/wp\/v2\/media?parent=3819"}],"wp:term":[{"taxonomy":"category","embeddable":true,"href":"https:\/\/sparkassenstiftungen-ka.de\/jugendstiftung\/wp-json\/wp\/v2\/categories?post=3819"},{"taxonomy":"post_tag","embeddable":true,"href":"https:\/\/sparkassenstiftungen-ka.de\/jugendstiftung\/wp-json\/wp\/v2\/tags?post=3819"}],"curies":[{"name":"wp","href":"https:\/\/api.w.org\/{rel}","templated":true}]}}