{"id":3740,"date":"2025-04-03T21:06:00","date_gmt":"2025-04-03T19:06:00","guid":{"rendered":"https:\/\/sparkassenstiftungen-ka.de\/jugendstiftung\/?p=3740"},"modified":"2025-04-08T16:57:11","modified_gmt":"2025-04-08T14:57:11","slug":"chorwettbewerb-sing-mit-2025","status":"publish","type":"post","link":"https:\/\/sparkassenstiftungen-ka.de\/jugendstiftung\/kreativitaet-musik\/chorwettbewerb-sing-mit\/chorwettbewerb-sing-mit-2025\/","title":{"rendered":"8. Karlsruher Chorwettbewerb f\u00fcr Grundschulen \u201eSing mit!\u201c 2025"},"content":{"rendered":"\n<p>Am 26. M\u00e4rz fand im Schloss Gottesaue (Hochschule f\u00fcr Musik Karlsruhe) das Vorstellungskonzert des diesj\u00e4hrigen Karlsruher Kinderchorwettbewerbs f\u00fcr Grundschulen statt. Zehn Ch\u00f6re kamen an diesem Nachmittag im Velte-Saal zusammen, um ihre einstudierten Liedbeitr\u00e4ge und Darbietung zu pr\u00e4sentieren.<\/p>\n\n\n\n<p>Die musikalischen Vortr\u00e4ge wurden h\u00e4ufig mit Bewegungen, Klatschen und Trampeln untermalt und abgerundet. Das bunte Programm begeisterte nicht nur die Jury. Knapp 1.000 Zuh\u00f6rende kamen \u00fcber den Nachmittag verteilt um ihre Liebsten zu unterst\u00fctzen und zu bejubeln.<\/p>\n\n\n\n<p>Eine fachkundige Jury war ebenfalls im Publikum und wurde von f\u00fcnf Ch\u00f6ren besonders \u00fcberzeugt. Diese werden beim Preistr\u00e4gerkonzert am 4. Juni 2025 um 18.00 Uhr in der Badnerlandhalle Neureut ausgezeichnet.<\/p>\n\n\n\n<p>Das gemeinsame Projekt der Jugendstiftung der Sparkasse Karlsruhe mit dem Landesmusikrat Baden-W\u00fcrttemberg \u201eSing mit!\u201c bringt jedoch nur Gewinner:innen hervor. Die Teilnahme am Vorstellungskonzert bringt bereits 100\u20ac in die Chorkasse. Wir gratulieren allen Ch\u00f6ren zu ihren gelungenen Auftritten!<\/p>\n\n\n\n<p><strong>Die Ch\u00f6re (in Reihenfolge ihrer Auftritte):<\/strong><\/p>\n\n\n\n<h3 class=\"wp-block-heading\">Friedrich-Ebert-Schule, Klang-VIELFALT<\/h3>\n\n\n\n<figure class=\"wp-block-image size-full\"><img loading=\"lazy\" decoding=\"async\" width=\"1200\" height=\"700\" src=\"https:\/\/sparkassenstiftungen-ka.de\/jugendstiftung\/wp-content\/uploads\/sites\/2\/2025\/04\/sing-mit-2025-01-FriedrichEbertSchule.webp\" alt=\"Friedrich-Ebert-Schule, Klang-VIELFALT\" class=\"wp-image-3861\" srcset=\"https:\/\/sparkassenstiftungen-ka.de\/jugendstiftung\/wp-content\/uploads\/sites\/2\/2025\/04\/sing-mit-2025-01-FriedrichEbertSchule.webp 1200w, https:\/\/sparkassenstiftungen-ka.de\/jugendstiftung\/wp-content\/uploads\/sites\/2\/2025\/04\/sing-mit-2025-01-FriedrichEbertSchule-300x175.webp 300w, https:\/\/sparkassenstiftungen-ka.de\/jugendstiftung\/wp-content\/uploads\/sites\/2\/2025\/04\/sing-mit-2025-01-FriedrichEbertSchule-1024x597.webp 1024w, https:\/\/sparkassenstiftungen-ka.de\/jugendstiftung\/wp-content\/uploads\/sites\/2\/2025\/04\/sing-mit-2025-01-FriedrichEbertSchule-768x448.webp 768w\" sizes=\"auto, (max-width: 1200px) 100vw, 1200px\" \/><figcaption class=\"wp-element-caption\">Friedrich-Ebert-Schule, Klang-VIELFALT, \u00a9 Jugendstiftung Sparkasse Karlsruhe<\/figcaption><\/figure>\n\n\n\n<figure class=\"wp-block-image size-full\"><img loading=\"lazy\" decoding=\"async\" width=\"1200\" height=\"700\" src=\"https:\/\/sparkassenstiftungen-ka.de\/jugendstiftung\/wp-content\/uploads\/sites\/2\/2025\/04\/sing-mit-2025-01-FriedrichEbertSchule-gottesaue.webp\" alt=\"Friedrich-Ebert-Schule, Klang-VIELFALT\" class=\"wp-image-3862\" srcset=\"https:\/\/sparkassenstiftungen-ka.de\/jugendstiftung\/wp-content\/uploads\/sites\/2\/2025\/04\/sing-mit-2025-01-FriedrichEbertSchule-gottesaue.webp 1200w, https:\/\/sparkassenstiftungen-ka.de\/jugendstiftung\/wp-content\/uploads\/sites\/2\/2025\/04\/sing-mit-2025-01-FriedrichEbertSchule-gottesaue-300x175.webp 300w, https:\/\/sparkassenstiftungen-ka.de\/jugendstiftung\/wp-content\/uploads\/sites\/2\/2025\/04\/sing-mit-2025-01-FriedrichEbertSchule-gottesaue-1024x597.webp 1024w, https:\/\/sparkassenstiftungen-ka.de\/jugendstiftung\/wp-content\/uploads\/sites\/2\/2025\/04\/sing-mit-2025-01-FriedrichEbertSchule-gottesaue-768x448.webp 768w\" sizes=\"auto, (max-width: 1200px) 100vw, 1200px\" \/><figcaption class=\"wp-element-caption\">Friedrich-Ebert-Schule, Klang-VIELFALT, \u00a9 Helena du Mesnil de Rochemont<\/figcaption><\/figure>\n\n\n\n<div style=\"height:25px\" aria-hidden=\"true\" class=\"wp-block-spacer\"><\/div>\n\n\n\n<h3 class=\"wp-block-heading\">Kastanienhof-Grundschule Oberhausen-Rheinhausen, Grundschulchor<\/h3>\n\n\n\n<figure class=\"wp-block-image size-full\"><img loading=\"lazy\" decoding=\"async\" width=\"1200\" height=\"700\" src=\"https:\/\/sparkassenstiftungen-ka.de\/jugendstiftung\/wp-content\/uploads\/sites\/2\/2025\/04\/sing-mit-2025-02-Kastanienhof-Grundschule.webp\" alt=\"Kastanienhof-Grundschule Oberhausen-Rheinhausen, Grundschulchor\" class=\"wp-image-3863\" srcset=\"https:\/\/sparkassenstiftungen-ka.de\/jugendstiftung\/wp-content\/uploads\/sites\/2\/2025\/04\/sing-mit-2025-02-Kastanienhof-Grundschule.webp 1200w, https:\/\/sparkassenstiftungen-ka.de\/jugendstiftung\/wp-content\/uploads\/sites\/2\/2025\/04\/sing-mit-2025-02-Kastanienhof-Grundschule-300x175.webp 300w, https:\/\/sparkassenstiftungen-ka.de\/jugendstiftung\/wp-content\/uploads\/sites\/2\/2025\/04\/sing-mit-2025-02-Kastanienhof-Grundschule-1024x597.webp 1024w, https:\/\/sparkassenstiftungen-ka.de\/jugendstiftung\/wp-content\/uploads\/sites\/2\/2025\/04\/sing-mit-2025-02-Kastanienhof-Grundschule-768x448.webp 768w\" sizes=\"auto, (max-width: 1200px) 100vw, 1200px\" \/><figcaption class=\"wp-element-caption\">Kastanienhof-Grundschule Oberhausen-Rheinhausen, Grundschulchor, \u00a9 Jugendstiftung Sparkasse Karlsruhe<\/figcaption><\/figure>\n\n\n\n<figure class=\"wp-block-image size-full\"><img loading=\"lazy\" decoding=\"async\" width=\"1200\" height=\"700\" src=\"https:\/\/sparkassenstiftungen-ka.de\/jugendstiftung\/wp-content\/uploads\/sites\/2\/2025\/04\/sing-mit-2025-02-Kastanienhof-Grundschule-gottesaue.webp\" alt=\"Kastanienhof-Grundschule Oberhausen-Rheinhausen, Grundschulchor\" class=\"wp-image-3864\" srcset=\"https:\/\/sparkassenstiftungen-ka.de\/jugendstiftung\/wp-content\/uploads\/sites\/2\/2025\/04\/sing-mit-2025-02-Kastanienhof-Grundschule-gottesaue.webp 1200w, https:\/\/sparkassenstiftungen-ka.de\/jugendstiftung\/wp-content\/uploads\/sites\/2\/2025\/04\/sing-mit-2025-02-Kastanienhof-Grundschule-gottesaue-300x175.webp 300w, https:\/\/sparkassenstiftungen-ka.de\/jugendstiftung\/wp-content\/uploads\/sites\/2\/2025\/04\/sing-mit-2025-02-Kastanienhof-Grundschule-gottesaue-1024x597.webp 1024w, https:\/\/sparkassenstiftungen-ka.de\/jugendstiftung\/wp-content\/uploads\/sites\/2\/2025\/04\/sing-mit-2025-02-Kastanienhof-Grundschule-gottesaue-768x448.webp 768w\" sizes=\"auto, (max-width: 1200px) 100vw, 1200px\" \/><figcaption class=\"wp-element-caption\">Kastanienhof-Grundschule Oberhausen-Rheinhausen, Grundschulchor, \u00a9 Helena du Mesnil de Rochemont<\/figcaption><\/figure>\n\n\n\n<div style=\"height:25px\" aria-hidden=\"true\" class=\"wp-block-spacer\"><\/div>\n\n\n\n<h3 class=\"wp-block-heading\">Drais-Grundschule Karlsruhe, Cool Kids<\/h3>\n\n\n\n<figure class=\"wp-block-image size-full\"><img loading=\"lazy\" decoding=\"async\" width=\"1200\" height=\"700\" src=\"https:\/\/sparkassenstiftungen-ka.de\/jugendstiftung\/wp-content\/uploads\/sites\/2\/2025\/04\/sing-mit-2025-03-DraisGrundschule.webp\" alt=\"Drais-Grundschule Karlsruhe, Cool Kids\" class=\"wp-image-3865\" srcset=\"https:\/\/sparkassenstiftungen-ka.de\/jugendstiftung\/wp-content\/uploads\/sites\/2\/2025\/04\/sing-mit-2025-03-DraisGrundschule.webp 1200w, https:\/\/sparkassenstiftungen-ka.de\/jugendstiftung\/wp-content\/uploads\/sites\/2\/2025\/04\/sing-mit-2025-03-DraisGrundschule-300x175.webp 300w, https:\/\/sparkassenstiftungen-ka.de\/jugendstiftung\/wp-content\/uploads\/sites\/2\/2025\/04\/sing-mit-2025-03-DraisGrundschule-1024x597.webp 1024w, https:\/\/sparkassenstiftungen-ka.de\/jugendstiftung\/wp-content\/uploads\/sites\/2\/2025\/04\/sing-mit-2025-03-DraisGrundschule-768x448.webp 768w\" sizes=\"auto, (max-width: 1200px) 100vw, 1200px\" \/><figcaption class=\"wp-element-caption\">Drais-Grundschule Karlsruhe, Cool Kids, \u00a9 Jugendstiftung Sparkasse Karlsruhe<\/figcaption><\/figure>\n\n\n\n<figure class=\"wp-block-image size-full\"><img loading=\"lazy\" decoding=\"async\" width=\"1205\" height=\"803\" src=\"https:\/\/sparkassenstiftungen-ka.de\/jugendstiftung\/wp-content\/uploads\/sites\/2\/2025\/04\/sing-mit-2025-03-DraisGrundschule-gottesaue.webp\" alt=\"Drais-Grundschule Karlsruhe, Cool Kids\" class=\"wp-image-3866\" srcset=\"https:\/\/sparkassenstiftungen-ka.de\/jugendstiftung\/wp-content\/uploads\/sites\/2\/2025\/04\/sing-mit-2025-03-DraisGrundschule-gottesaue.webp 1205w, https:\/\/sparkassenstiftungen-ka.de\/jugendstiftung\/wp-content\/uploads\/sites\/2\/2025\/04\/sing-mit-2025-03-DraisGrundschule-gottesaue-300x200.webp 300w, https:\/\/sparkassenstiftungen-ka.de\/jugendstiftung\/wp-content\/uploads\/sites\/2\/2025\/04\/sing-mit-2025-03-DraisGrundschule-gottesaue-1024x682.webp 1024w, https:\/\/sparkassenstiftungen-ka.de\/jugendstiftung\/wp-content\/uploads\/sites\/2\/2025\/04\/sing-mit-2025-03-DraisGrundschule-gottesaue-768x512.webp 768w\" sizes=\"auto, (max-width: 1205px) 100vw, 1205px\" \/><figcaption class=\"wp-element-caption\">Drais-Grundschule Karlsruhe, Cool Kids, \u00a9 Helena du Mesnil de Rochemont<\/figcaption><\/figure>\n\n\n\n<div style=\"height:25px\" aria-hidden=\"true\" class=\"wp-block-spacer\"><\/div>\n\n\n\n<h3 class=\"wp-block-heading\">Carl-Benz-Schule Marxzell, Schulchor<\/h3>\n\n\n\n<figure class=\"wp-block-image size-full\"><img loading=\"lazy\" decoding=\"async\" width=\"1200\" height=\"700\" src=\"https:\/\/sparkassenstiftungen-ka.de\/jugendstiftung\/wp-content\/uploads\/sites\/2\/2025\/04\/sing-mit-2025-04-CarlBenzSchule.webp\" alt=\"Carl-Benz-Schule Marxzell, Schulchor\" class=\"wp-image-3867\" srcset=\"https:\/\/sparkassenstiftungen-ka.de\/jugendstiftung\/wp-content\/uploads\/sites\/2\/2025\/04\/sing-mit-2025-04-CarlBenzSchule.webp 1200w, https:\/\/sparkassenstiftungen-ka.de\/jugendstiftung\/wp-content\/uploads\/sites\/2\/2025\/04\/sing-mit-2025-04-CarlBenzSchule-300x175.webp 300w, https:\/\/sparkassenstiftungen-ka.de\/jugendstiftung\/wp-content\/uploads\/sites\/2\/2025\/04\/sing-mit-2025-04-CarlBenzSchule-1024x597.webp 1024w, https:\/\/sparkassenstiftungen-ka.de\/jugendstiftung\/wp-content\/uploads\/sites\/2\/2025\/04\/sing-mit-2025-04-CarlBenzSchule-768x448.webp 768w\" sizes=\"auto, (max-width: 1200px) 100vw, 1200px\" \/><figcaption class=\"wp-element-caption\">Carl-Benz-Schule Marxzell, Schulchor, \u00a9 Jugendstiftung Sparkasse Karlsruhe<\/figcaption><\/figure>\n\n\n\n<figure class=\"wp-block-image size-full\"><img loading=\"lazy\" decoding=\"async\" width=\"1200\" height=\"700\" src=\"https:\/\/sparkassenstiftungen-ka.de\/jugendstiftung\/wp-content\/uploads\/sites\/2\/2025\/04\/sing-mit-2025-04-CarlBenzSchule-gottesaue.webp\" alt=\"Carl-Benz-Schule Marxzell, Schulchor\" class=\"wp-image-3868\" srcset=\"https:\/\/sparkassenstiftungen-ka.de\/jugendstiftung\/wp-content\/uploads\/sites\/2\/2025\/04\/sing-mit-2025-04-CarlBenzSchule-gottesaue.webp 1200w, https:\/\/sparkassenstiftungen-ka.de\/jugendstiftung\/wp-content\/uploads\/sites\/2\/2025\/04\/sing-mit-2025-04-CarlBenzSchule-gottesaue-300x175.webp 300w, https:\/\/sparkassenstiftungen-ka.de\/jugendstiftung\/wp-content\/uploads\/sites\/2\/2025\/04\/sing-mit-2025-04-CarlBenzSchule-gottesaue-1024x597.webp 1024w, https:\/\/sparkassenstiftungen-ka.de\/jugendstiftung\/wp-content\/uploads\/sites\/2\/2025\/04\/sing-mit-2025-04-CarlBenzSchule-gottesaue-768x448.webp 768w\" sizes=\"auto, (max-width: 1200px) 100vw, 1200px\" \/><figcaption class=\"wp-element-caption\">Carl-Benz-Schule Marxzell, Schulchor, \u00a9 Helena du Mesnil de Rochemont<\/figcaption><\/figure>\n\n\n\n<div style=\"height:25px\" aria-hidden=\"true\" class=\"wp-block-spacer\"><\/div>\n\n\n\n<h3 class=\"wp-block-heading\">S\u00fcdendgrundschule, Die singenden Pinguine<\/h3>\n\n\n\n<figure class=\"wp-block-image size-full\"><img loading=\"lazy\" decoding=\"async\" width=\"1200\" height=\"700\" src=\"https:\/\/sparkassenstiftungen-ka.de\/jugendstiftung\/wp-content\/uploads\/sites\/2\/2025\/04\/sing-mit-2025-05-Suedendgrundschule.webp\" alt=\"S\u00fcdendgrundschule, Die singenden Pinguine\" class=\"wp-image-3869\" srcset=\"https:\/\/sparkassenstiftungen-ka.de\/jugendstiftung\/wp-content\/uploads\/sites\/2\/2025\/04\/sing-mit-2025-05-Suedendgrundschule.webp 1200w, https:\/\/sparkassenstiftungen-ka.de\/jugendstiftung\/wp-content\/uploads\/sites\/2\/2025\/04\/sing-mit-2025-05-Suedendgrundschule-300x175.webp 300w, https:\/\/sparkassenstiftungen-ka.de\/jugendstiftung\/wp-content\/uploads\/sites\/2\/2025\/04\/sing-mit-2025-05-Suedendgrundschule-1024x597.webp 1024w, https:\/\/sparkassenstiftungen-ka.de\/jugendstiftung\/wp-content\/uploads\/sites\/2\/2025\/04\/sing-mit-2025-05-Suedendgrundschule-768x448.webp 768w\" sizes=\"auto, (max-width: 1200px) 100vw, 1200px\" \/><figcaption class=\"wp-element-caption\">S\u00fcdendgrundschule, Die singenden Pinguine, \u00a9 Jugendstiftung Sparkasse Karlsruhe<\/figcaption><\/figure>\n\n\n\n<figure class=\"wp-block-image size-full\"><img loading=\"lazy\" decoding=\"async\" width=\"1200\" height=\"700\" src=\"https:\/\/sparkassenstiftungen-ka.de\/jugendstiftung\/wp-content\/uploads\/sites\/2\/2025\/04\/sing-mit-2025-05-Suedendgrundschule-gottesaue.webp\" alt=\"S\u00fcdendgrundschule, Die singenden Pinguine\" class=\"wp-image-3870\" srcset=\"https:\/\/sparkassenstiftungen-ka.de\/jugendstiftung\/wp-content\/uploads\/sites\/2\/2025\/04\/sing-mit-2025-05-Suedendgrundschule-gottesaue.webp 1200w, https:\/\/sparkassenstiftungen-ka.de\/jugendstiftung\/wp-content\/uploads\/sites\/2\/2025\/04\/sing-mit-2025-05-Suedendgrundschule-gottesaue-300x175.webp 300w, https:\/\/sparkassenstiftungen-ka.de\/jugendstiftung\/wp-content\/uploads\/sites\/2\/2025\/04\/sing-mit-2025-05-Suedendgrundschule-gottesaue-1024x597.webp 1024w, https:\/\/sparkassenstiftungen-ka.de\/jugendstiftung\/wp-content\/uploads\/sites\/2\/2025\/04\/sing-mit-2025-05-Suedendgrundschule-gottesaue-768x448.webp 768w\" sizes=\"auto, (max-width: 1200px) 100vw, 1200px\" \/><figcaption class=\"wp-element-caption\">S\u00fcdendgrundschule, Die singenden Pinguine, \u00a9 Helena du Mesnil de Rochemont<\/figcaption><\/figure>\n\n\n\n<div style=\"height:25px\" aria-hidden=\"true\" class=\"wp-block-spacer\"><\/div>\n\n\n\n<h3 class=\"wp-block-heading\">Grundschule Hagsfeld, SingM\u00e4use<\/h3>\n\n\n\n<figure class=\"wp-block-image size-full\"><img loading=\"lazy\" decoding=\"async\" width=\"1200\" height=\"700\" src=\"https:\/\/sparkassenstiftungen-ka.de\/jugendstiftung\/wp-content\/uploads\/sites\/2\/2025\/04\/sing-mit-2025-06-GrundschuleHagsfeld.webp\" alt=\"Grundschule Hagsfeld, SingM\u00e4use\" class=\"wp-image-3871\" srcset=\"https:\/\/sparkassenstiftungen-ka.de\/jugendstiftung\/wp-content\/uploads\/sites\/2\/2025\/04\/sing-mit-2025-06-GrundschuleHagsfeld.webp 1200w, https:\/\/sparkassenstiftungen-ka.de\/jugendstiftung\/wp-content\/uploads\/sites\/2\/2025\/04\/sing-mit-2025-06-GrundschuleHagsfeld-300x175.webp 300w, https:\/\/sparkassenstiftungen-ka.de\/jugendstiftung\/wp-content\/uploads\/sites\/2\/2025\/04\/sing-mit-2025-06-GrundschuleHagsfeld-1024x597.webp 1024w, https:\/\/sparkassenstiftungen-ka.de\/jugendstiftung\/wp-content\/uploads\/sites\/2\/2025\/04\/sing-mit-2025-06-GrundschuleHagsfeld-768x448.webp 768w\" sizes=\"auto, (max-width: 1200px) 100vw, 1200px\" \/><figcaption class=\"wp-element-caption\">Grundschule Hagsfeld, SingM\u00e4use, \u00a9 Jugendstiftung Sparkasse Karlsruhe <br><\/figcaption><\/figure>\n\n\n\n<figure class=\"wp-block-image size-full\"><img loading=\"lazy\" decoding=\"async\" width=\"1200\" height=\"700\" src=\"https:\/\/sparkassenstiftungen-ka.de\/jugendstiftung\/wp-content\/uploads\/sites\/2\/2025\/04\/sing-mit-2025-06-GrundschuleHagsfeld-gottesaue.webp\" alt=\"Grundschule Hagsfeld, SingM\u00e4use\" class=\"wp-image-3872\" srcset=\"https:\/\/sparkassenstiftungen-ka.de\/jugendstiftung\/wp-content\/uploads\/sites\/2\/2025\/04\/sing-mit-2025-06-GrundschuleHagsfeld-gottesaue.webp 1200w, https:\/\/sparkassenstiftungen-ka.de\/jugendstiftung\/wp-content\/uploads\/sites\/2\/2025\/04\/sing-mit-2025-06-GrundschuleHagsfeld-gottesaue-300x175.webp 300w, https:\/\/sparkassenstiftungen-ka.de\/jugendstiftung\/wp-content\/uploads\/sites\/2\/2025\/04\/sing-mit-2025-06-GrundschuleHagsfeld-gottesaue-1024x597.webp 1024w, https:\/\/sparkassenstiftungen-ka.de\/jugendstiftung\/wp-content\/uploads\/sites\/2\/2025\/04\/sing-mit-2025-06-GrundschuleHagsfeld-gottesaue-768x448.webp 768w\" sizes=\"auto, (max-width: 1200px) 100vw, 1200px\" \/><figcaption class=\"wp-element-caption\">Grundschule Hagsfeld, SingM\u00e4use, \u00a9 Helena du Mesnil de Rochemont<\/figcaption><\/figure>\n\n\n\n<div style=\"height:25px\" aria-hidden=\"true\" class=\"wp-block-spacer\"><\/div>\n\n\n\n<h3 class=\"wp-block-heading\">Weinbrenner Grundschule Karlsruhe, Weinbrennerchor<\/h3>\n\n\n\n<figure class=\"wp-block-image size-full\"><img loading=\"lazy\" decoding=\"async\" width=\"1200\" height=\"700\" src=\"https:\/\/sparkassenstiftungen-ka.de\/jugendstiftung\/wp-content\/uploads\/sites\/2\/2025\/04\/sing-mit-2025-07-WeinbrennerGrundschule.webp\" alt=\"Weinbrenner Grundschule Karlsruhe, Weinbrennerchor\" class=\"wp-image-3873\" srcset=\"https:\/\/sparkassenstiftungen-ka.de\/jugendstiftung\/wp-content\/uploads\/sites\/2\/2025\/04\/sing-mit-2025-07-WeinbrennerGrundschule.webp 1200w, https:\/\/sparkassenstiftungen-ka.de\/jugendstiftung\/wp-content\/uploads\/sites\/2\/2025\/04\/sing-mit-2025-07-WeinbrennerGrundschule-300x175.webp 300w, https:\/\/sparkassenstiftungen-ka.de\/jugendstiftung\/wp-content\/uploads\/sites\/2\/2025\/04\/sing-mit-2025-07-WeinbrennerGrundschule-1024x597.webp 1024w, https:\/\/sparkassenstiftungen-ka.de\/jugendstiftung\/wp-content\/uploads\/sites\/2\/2025\/04\/sing-mit-2025-07-WeinbrennerGrundschule-768x448.webp 768w\" sizes=\"auto, (max-width: 1200px) 100vw, 1200px\" \/><figcaption class=\"wp-element-caption\">Weinbrenner Grundschule Karlsruhe, Weinbrennerchor, \u00a9 Jugendstiftung Sparkasse Karlsruhe<\/figcaption><\/figure>\n\n\n\n<figure class=\"wp-block-image size-full\"><img loading=\"lazy\" decoding=\"async\" width=\"1200\" height=\"700\" src=\"https:\/\/sparkassenstiftungen-ka.de\/jugendstiftung\/wp-content\/uploads\/sites\/2\/2025\/04\/sing-mit-2025-07-WeinbrennerGrundschule-gottesaue.webp\" alt=\"Weinbrenner Grundschule Karlsruhe, Weinbrennerchor\" class=\"wp-image-3874\" srcset=\"https:\/\/sparkassenstiftungen-ka.de\/jugendstiftung\/wp-content\/uploads\/sites\/2\/2025\/04\/sing-mit-2025-07-WeinbrennerGrundschule-gottesaue.webp 1200w, https:\/\/sparkassenstiftungen-ka.de\/jugendstiftung\/wp-content\/uploads\/sites\/2\/2025\/04\/sing-mit-2025-07-WeinbrennerGrundschule-gottesaue-300x175.webp 300w, https:\/\/sparkassenstiftungen-ka.de\/jugendstiftung\/wp-content\/uploads\/sites\/2\/2025\/04\/sing-mit-2025-07-WeinbrennerGrundschule-gottesaue-1024x597.webp 1024w, https:\/\/sparkassenstiftungen-ka.de\/jugendstiftung\/wp-content\/uploads\/sites\/2\/2025\/04\/sing-mit-2025-07-WeinbrennerGrundschule-gottesaue-768x448.webp 768w\" sizes=\"auto, (max-width: 1200px) 100vw, 1200px\" \/><figcaption class=\"wp-element-caption\">Weinbrenner Grundschule Karlsruhe, Weinbrennerchor, \u00a9 Helena du Mesnil de Rochemont<\/figcaption><\/figure>\n\n\n\n<div style=\"height:25px\" aria-hidden=\"true\" class=\"wp-block-spacer\"><\/div>\n\n\n\n<h3 class=\"wp-block-heading\">Grundschule Hochstetten, Grundschulchor<\/h3>\n\n\n\n<figure class=\"wp-block-image size-full\"><img loading=\"lazy\" decoding=\"async\" width=\"1200\" height=\"700\" src=\"https:\/\/sparkassenstiftungen-ka.de\/jugendstiftung\/wp-content\/uploads\/sites\/2\/2025\/04\/sing-mit-2025-08-GrundschuleHochstetten.webp\" alt=\"Grundschule Hochstetten, Grundschulchor\" class=\"wp-image-3875\" srcset=\"https:\/\/sparkassenstiftungen-ka.de\/jugendstiftung\/wp-content\/uploads\/sites\/2\/2025\/04\/sing-mit-2025-08-GrundschuleHochstetten.webp 1200w, https:\/\/sparkassenstiftungen-ka.de\/jugendstiftung\/wp-content\/uploads\/sites\/2\/2025\/04\/sing-mit-2025-08-GrundschuleHochstetten-300x175.webp 300w, https:\/\/sparkassenstiftungen-ka.de\/jugendstiftung\/wp-content\/uploads\/sites\/2\/2025\/04\/sing-mit-2025-08-GrundschuleHochstetten-1024x597.webp 1024w, https:\/\/sparkassenstiftungen-ka.de\/jugendstiftung\/wp-content\/uploads\/sites\/2\/2025\/04\/sing-mit-2025-08-GrundschuleHochstetten-768x448.webp 768w\" sizes=\"auto, (max-width: 1200px) 100vw, 1200px\" \/><figcaption class=\"wp-element-caption\">Grundschule Hochstetten, Grundschulchor, \u00a9 Jugendstiftung Sparkasse Karlsruhe <\/figcaption><\/figure>\n\n\n\n<figure class=\"wp-block-image size-large\"><img loading=\"lazy\" decoding=\"async\" width=\"1024\" height=\"597\" src=\"https:\/\/sparkassenstiftungen-ka.de\/jugendstiftung\/wp-content\/uploads\/sites\/2\/2025\/04\/sing-mit-2025-08-GrundschuleHochstetten-gottesaue-1024x597.webp\" alt=\"Grundschule Hochstetten, Grundschulchor\" class=\"wp-image-3876\" srcset=\"https:\/\/sparkassenstiftungen-ka.de\/jugendstiftung\/wp-content\/uploads\/sites\/2\/2025\/04\/sing-mit-2025-08-GrundschuleHochstetten-gottesaue-1024x597.webp 1024w, https:\/\/sparkassenstiftungen-ka.de\/jugendstiftung\/wp-content\/uploads\/sites\/2\/2025\/04\/sing-mit-2025-08-GrundschuleHochstetten-gottesaue-300x175.webp 300w, https:\/\/sparkassenstiftungen-ka.de\/jugendstiftung\/wp-content\/uploads\/sites\/2\/2025\/04\/sing-mit-2025-08-GrundschuleHochstetten-gottesaue-768x448.webp 768w, https:\/\/sparkassenstiftungen-ka.de\/jugendstiftung\/wp-content\/uploads\/sites\/2\/2025\/04\/sing-mit-2025-08-GrundschuleHochstetten-gottesaue.webp 1200w\" sizes=\"auto, (max-width: 1024px) 100vw, 1024px\" \/><figcaption class=\"wp-element-caption\">Grundschule Hochstetten, Grundschulchor, \u00a9 Helena du Mesnil de Rochemont<\/figcaption><\/figure>\n\n\n\n<div style=\"height:25px\" aria-hidden=\"true\" class=\"wp-block-spacer\"><\/div>\n\n\n\n<h3 class=\"wp-block-heading\">Nordschule Neureut, Ohrw\u00fcrmer<\/h3>\n\n\n\n<figure class=\"wp-block-image size-full\"><img loading=\"lazy\" decoding=\"async\" width=\"1200\" height=\"700\" src=\"https:\/\/sparkassenstiftungen-ka.de\/jugendstiftung\/wp-content\/uploads\/sites\/2\/2025\/04\/sing-mit-2025-09_NordschuleNeureut-gruppe1.webp\" alt=\"Nordschule Neureut, Ohrw\u00fcrmer (1)\" class=\"wp-image-3878\" srcset=\"https:\/\/sparkassenstiftungen-ka.de\/jugendstiftung\/wp-content\/uploads\/sites\/2\/2025\/04\/sing-mit-2025-09_NordschuleNeureut-gruppe1.webp 1200w, https:\/\/sparkassenstiftungen-ka.de\/jugendstiftung\/wp-content\/uploads\/sites\/2\/2025\/04\/sing-mit-2025-09_NordschuleNeureut-gruppe1-300x175.webp 300w, https:\/\/sparkassenstiftungen-ka.de\/jugendstiftung\/wp-content\/uploads\/sites\/2\/2025\/04\/sing-mit-2025-09_NordschuleNeureut-gruppe1-1024x597.webp 1024w, https:\/\/sparkassenstiftungen-ka.de\/jugendstiftung\/wp-content\/uploads\/sites\/2\/2025\/04\/sing-mit-2025-09_NordschuleNeureut-gruppe1-768x448.webp 768w\" sizes=\"auto, (max-width: 1200px) 100vw, 1200px\" \/><figcaption class=\"wp-element-caption\">Nordschule Neureut, Ohrw\u00fcrmer (Gruppe 1), \u00a9 Jugendstiftung Sparkasse Karlsruhe<\/figcaption><\/figure>\n\n\n\n<figure class=\"wp-block-image size-full\"><img loading=\"lazy\" decoding=\"async\" width=\"1200\" height=\"700\" src=\"https:\/\/sparkassenstiftungen-ka.de\/jugendstiftung\/wp-content\/uploads\/sites\/2\/2025\/04\/sing-mit-2025-09_NordschuleNeureut-gruppe2.webp\" alt=\"Nordschule Neureut, Ohrw\u00fcrmer (2)\" class=\"wp-image-3860\" srcset=\"https:\/\/sparkassenstiftungen-ka.de\/jugendstiftung\/wp-content\/uploads\/sites\/2\/2025\/04\/sing-mit-2025-09_NordschuleNeureut-gruppe2.webp 1200w, https:\/\/sparkassenstiftungen-ka.de\/jugendstiftung\/wp-content\/uploads\/sites\/2\/2025\/04\/sing-mit-2025-09_NordschuleNeureut-gruppe2-300x175.webp 300w, https:\/\/sparkassenstiftungen-ka.de\/jugendstiftung\/wp-content\/uploads\/sites\/2\/2025\/04\/sing-mit-2025-09_NordschuleNeureut-gruppe2-1024x597.webp 1024w, https:\/\/sparkassenstiftungen-ka.de\/jugendstiftung\/wp-content\/uploads\/sites\/2\/2025\/04\/sing-mit-2025-09_NordschuleNeureut-gruppe2-768x448.webp 768w\" sizes=\"auto, (max-width: 1200px) 100vw, 1200px\" \/><figcaption class=\"wp-element-caption\">Nordschule Neureut, Ohrw\u00fcrmer (Gruppe 2), \u00a9 Jugendstiftung Sparkasse Karlsruhe <\/figcaption><\/figure>\n\n\n\n<figure class=\"wp-block-image size-full\"><img loading=\"lazy\" decoding=\"async\" width=\"1200\" height=\"700\" src=\"https:\/\/sparkassenstiftungen-ka.de\/jugendstiftung\/wp-content\/uploads\/sites\/2\/2025\/04\/sing-mit-2025-09_NordschuleNeureut-gottesaue.webp\" alt=\"Nordschule Neureut, Ohrw\u00fcrmer\" class=\"wp-image-3877\" srcset=\"https:\/\/sparkassenstiftungen-ka.de\/jugendstiftung\/wp-content\/uploads\/sites\/2\/2025\/04\/sing-mit-2025-09_NordschuleNeureut-gottesaue.webp 1200w, https:\/\/sparkassenstiftungen-ka.de\/jugendstiftung\/wp-content\/uploads\/sites\/2\/2025\/04\/sing-mit-2025-09_NordschuleNeureut-gottesaue-300x175.webp 300w, https:\/\/sparkassenstiftungen-ka.de\/jugendstiftung\/wp-content\/uploads\/sites\/2\/2025\/04\/sing-mit-2025-09_NordschuleNeureut-gottesaue-1024x597.webp 1024w, https:\/\/sparkassenstiftungen-ka.de\/jugendstiftung\/wp-content\/uploads\/sites\/2\/2025\/04\/sing-mit-2025-09_NordschuleNeureut-gottesaue-768x448.webp 768w\" sizes=\"auto, (max-width: 1200px) 100vw, 1200px\" \/><figcaption class=\"wp-element-caption\">Nordschule Neureut, Ohrw\u00fcrmer, \u00a9 Helena du Mesnil de Rochemont<\/figcaption><\/figure>\n","protected":false},"excerpt":{"rendered":"<p>Am 26. M\u00e4rz fand im Schloss Gottesaue (Hochschule f\u00fcr Musik Karlsruhe) das Vorstellungskonzert des diesj\u00e4hrigen Karlsruher Kinderchorwettbewerbs f\u00fcr Grundschulen statt. Zehn Ch\u00f6re kamen an diesem &#8230; <a title=\"8. Karlsruher Chorwettbewerb f\u00fcr Grundschulen \u201eSing mit!\u201c 2025\" class=\"read-more\" href=\"https:\/\/sparkassenstiftungen-ka.de\/jugendstiftung\/kreativitaet-musik\/chorwettbewerb-sing-mit\/chorwettbewerb-sing-mit-2025\/\" aria-label=\"Mehr Informationen \u00fcber 8. Karlsruher Chorwettbewerb f\u00fcr Grundschulen \u201eSing mit!\u201c 2025\">Weiterlesen &#8230;<\/a><\/p>\n","protected":false},"author":2,"featured_media":3882,"comment_status":"closed","ping_status":"closed","sticky":false,"template":"","format":"standard","meta":{"footnotes":""},"categories":[10],"tags":[],"class_list":["post-3740","post","type-post","status-publish","format-standard","has-post-thumbnail","hentry","category-chorwettbewerb-sing-mit","resize-featured-image"],"_links":{"self":[{"href":"https:\/\/sparkassenstiftungen-ka.de\/jugendstiftung\/wp-json\/wp\/v2\/posts\/3740","targetHints":{"allow":["GET"]}}],"collection":[{"href":"https:\/\/sparkassenstiftungen-ka.de\/jugendstiftung\/wp-json\/wp\/v2\/posts"}],"about":[{"href":"https:\/\/sparkassenstiftungen-ka.de\/jugendstiftung\/wp-json\/wp\/v2\/types\/post"}],"author":[{"embeddable":true,"href":"https:\/\/sparkassenstiftungen-ka.de\/jugendstiftung\/wp-json\/wp\/v2\/users\/2"}],"replies":[{"embeddable":true,"href":"https:\/\/sparkassenstiftungen-ka.de\/jugendstiftung\/wp-json\/wp\/v2\/comments?post=3740"}],"version-history":[{"count":6,"href":"https:\/\/sparkassenstiftungen-ka.de\/jugendstiftung\/wp-json\/wp\/v2\/posts\/3740\/revisions"}],"predecessor-version":[{"id":3880,"href":"https:\/\/sparkassenstiftungen-ka.de\/jugendstiftung\/wp-json\/wp\/v2\/posts\/3740\/revisions\/3880"}],"wp:featuredmedia":[{"embeddable":true,"href":"https:\/\/sparkassenstiftungen-ka.de\/jugendstiftung\/wp-json\/wp\/v2\/media\/3882"}],"wp:attachment":[{"href":"https:\/\/sparkassenstiftungen-ka.de\/jugendstiftung\/wp-json\/wp\/v2\/media?parent=3740"}],"wp:term":[{"taxonomy":"category","embeddable":true,"href":"https:\/\/sparkassenstiftungen-ka.de\/jugendstiftung\/wp-json\/wp\/v2\/categories?post=3740"},{"taxonomy":"post_tag","embeddable":true,"href":"https:\/\/sparkassenstiftungen-ka.de\/jugendstiftung\/wp-json\/wp\/v2\/tags?post=3740"}],"curies":[{"name":"wp","href":"https:\/\/api.w.org\/{rel}","templated":true}]}}