{"id":3578,"date":"2024-07-09T16:36:05","date_gmt":"2024-07-09T14:36:05","guid":{"rendered":"https:\/\/sparkassenstiftungen-ka.de\/jugendstiftung\/?p=3578"},"modified":"2024-07-16T14:56:24","modified_gmt":"2024-07-16T12:56:24","slug":"workshop-sing-bach-2024","status":"publish","type":"post","link":"https:\/\/sparkassenstiftungen-ka.de\/jugendstiftung\/kreativitaet-musik\/projektwoche-sing-bach\/workshop-sing-bach-2024\/","title":{"rendered":"Workshop \u201eSing Bach\u201c 2024"},"content":{"rendered":"\n<p>Eine beeindruckende Vorstellung lieferte der gemeinsame Chor aus vier Grundschulen aus dem Gesch\u00e4ftsgebiet der Sparkasse Karlsruhe. Die 200 Grundsch\u00fcler erhielten Standing Ovations in der vollbesetzten Stadtkirche Karlsruhe.<\/p>\n\n\n\n<p>Auch bei der 11. Auflage des Erfolgsprojekts ist es der Vokalp\u00e4dagogin Friedhilde Tr\u00fc\u00fcn erneut gelungen, die 3. Kl\u00e4ssler aus vier Grundschulen zu einem gro\u00dfen Chor zu vereinen und mit ihnen zw\u00f6lf Lieder von Johann Sebastian Bach einzustudieren.<\/p>\n\n\n\n<p>Eine Woche lang haben die Sch\u00fclerinnen und Sch\u00fcler &#8211; in zwei Gruppen eingeteilt &#8211; Stimm\u00fcbungen gemacht, Atemtechniken ge\u00fcbt, Liedtexte gelernt und gesungen. Den Abschluss und H\u00f6hepunkt der Projektwoche bildete das festliche Konzert am 5. Juli 2024 in der Evangelischen Stadtkirche am Marktplatz in Karlsruhe.<\/p>\n\n\n\n<p>Viel Lob f\u00fcr den Chor und alle Beteiligten gab es auch vom Regionaldirektor der Sparkasse Karlsruhe, Herrn Benjamin Rieth und von Herrn Matthias von Schierstaedt vom Zentrum f\u00fcr Schulqualit\u00e4t und Lehrerbildung Baden-W\u00fcrttemberg (ZSL).<\/p>\n\n\n\n<p>Das Projekt wurde von der Jugendstiftung der Sparkasse Karlsruhe organisiert und von der Sparkassenstiftung GUTES TUN, Stifternetzwerk der Sparkasse Karlsruhe, finanziell gef\u00f6rdert. Kooperationspartner war erneut das Staatliche Schulamt Karlsruhe.<\/p>\n\n\n\n<p>Teilnehmende Schulen: Marylandschule, S\u00fcdschule Neureut, Schlossgartenschule Berghausen, Grundschule S\u00f6llingen<\/p>\n\n\n<div class=\"gb-grid-wrapper gb-grid-wrapper-da87289a\">\n<div class=\"gb-grid-column gb-grid-column-b022c652\"><div class=\"gb-container gb-container-b022c652\">\n\n<figure class=\"wp-block-image size-full\"><img loading=\"lazy\" decoding=\"async\" width=\"1000\" height=\"600\" src=\"https:\/\/sparkassenstiftungen-ka.de\/jugendstiftung\/wp-content\/uploads\/sites\/2\/2024\/07\/sing-mit-2024-1.webp\" alt=\"Workshop \u201eSing Bach\u201c 2024\" class=\"wp-image-3581\" srcset=\"https:\/\/sparkassenstiftungen-ka.de\/jugendstiftung\/wp-content\/uploads\/sites\/2\/2024\/07\/sing-mit-2024-1.webp 1000w, https:\/\/sparkassenstiftungen-ka.de\/jugendstiftung\/wp-content\/uploads\/sites\/2\/2024\/07\/sing-mit-2024-1-300x180.webp 300w, https:\/\/sparkassenstiftungen-ka.de\/jugendstiftung\/wp-content\/uploads\/sites\/2\/2024\/07\/sing-mit-2024-1-768x461.webp 768w\" sizes=\"auto, (max-width: 1000px) 100vw, 1000px\" \/><\/figure>\n\n<\/div><\/div>\n\n<div class=\"gb-grid-column gb-grid-column-6dd4ab27\"><div class=\"gb-container gb-container-6dd4ab27\">\n\n<figure class=\"wp-block-image size-full\"><img loading=\"lazy\" decoding=\"async\" width=\"1000\" height=\"600\" src=\"https:\/\/sparkassenstiftungen-ka.de\/jugendstiftung\/wp-content\/uploads\/sites\/2\/2024\/07\/sing-mit-2024-2.webp\" alt=\"Workshop \u201eSing Bach\u201c 2024\" class=\"wp-image-3583\" srcset=\"https:\/\/sparkassenstiftungen-ka.de\/jugendstiftung\/wp-content\/uploads\/sites\/2\/2024\/07\/sing-mit-2024-2.webp 1000w, https:\/\/sparkassenstiftungen-ka.de\/jugendstiftung\/wp-content\/uploads\/sites\/2\/2024\/07\/sing-mit-2024-2-300x180.webp 300w, https:\/\/sparkassenstiftungen-ka.de\/jugendstiftung\/wp-content\/uploads\/sites\/2\/2024\/07\/sing-mit-2024-2-768x461.webp 768w\" sizes=\"auto, (max-width: 1000px) 100vw, 1000px\" \/><\/figure>\n\n<\/div><\/div>\n<\/div>","protected":false},"excerpt":{"rendered":"<p>Eine beeindruckende Vorstellung lieferte der gemeinsame Chor aus vier Grundschulen aus dem Gesch\u00e4ftsgebiet der Sparkasse Karlsruhe. Die 200 Grundsch\u00fcler erhielten Standing Ovations in der vollbesetzten &#8230; <a title=\"Workshop \u201eSing Bach\u201c 2024\" class=\"read-more\" href=\"https:\/\/sparkassenstiftungen-ka.de\/jugendstiftung\/kreativitaet-musik\/projektwoche-sing-bach\/workshop-sing-bach-2024\/\" aria-label=\"Mehr Informationen \u00fcber Workshop \u201eSing Bach\u201c 2024\">Weiterlesen &#8230;<\/a><\/p>\n","protected":false},"author":2,"featured_media":3582,"comment_status":"closed","ping_status":"closed","sticky":false,"template":"","format":"standard","meta":{"footnotes":""},"categories":[8],"tags":[],"class_list":["post-3578","post","type-post","status-publish","format-standard","has-post-thumbnail","hentry","category-projektwoche-sing-bach","resize-featured-image"],"_links":{"self":[{"href":"https:\/\/sparkassenstiftungen-ka.de\/jugendstiftung\/wp-json\/wp\/v2\/posts\/3578","targetHints":{"allow":["GET"]}}],"collection":[{"href":"https:\/\/sparkassenstiftungen-ka.de\/jugendstiftung\/wp-json\/wp\/v2\/posts"}],"about":[{"href":"https:\/\/sparkassenstiftungen-ka.de\/jugendstiftung\/wp-json\/wp\/v2\/types\/post"}],"author":[{"embeddable":true,"href":"https:\/\/sparkassenstiftungen-ka.de\/jugendstiftung\/wp-json\/wp\/v2\/users\/2"}],"replies":[{"embeddable":true,"href":"https:\/\/sparkassenstiftungen-ka.de\/jugendstiftung\/wp-json\/wp\/v2\/comments?post=3578"}],"version-history":[{"count":3,"href":"https:\/\/sparkassenstiftungen-ka.de\/jugendstiftung\/wp-json\/wp\/v2\/posts\/3578\/revisions"}],"predecessor-version":[{"id":3586,"href":"https:\/\/sparkassenstiftungen-ka.de\/jugendstiftung\/wp-json\/wp\/v2\/posts\/3578\/revisions\/3586"}],"wp:featuredmedia":[{"embeddable":true,"href":"https:\/\/sparkassenstiftungen-ka.de\/jugendstiftung\/wp-json\/wp\/v2\/media\/3582"}],"wp:attachment":[{"href":"https:\/\/sparkassenstiftungen-ka.de\/jugendstiftung\/wp-json\/wp\/v2\/media?parent=3578"}],"wp:term":[{"taxonomy":"category","embeddable":true,"href":"https:\/\/sparkassenstiftungen-ka.de\/jugendstiftung\/wp-json\/wp\/v2\/categories?post=3578"},{"taxonomy":"post_tag","embeddable":true,"href":"https:\/\/sparkassenstiftungen-ka.de\/jugendstiftung\/wp-json\/wp\/v2\/tags?post=3578"}],"curies":[{"name":"wp","href":"https:\/\/api.w.org\/{rel}","templated":true}]}}