{"id":3552,"date":"2024-06-13T16:51:03","date_gmt":"2024-06-13T14:51:03","guid":{"rendered":"https:\/\/sparkassenstiftungen-ka.de\/jugendstiftung\/?p=3552"},"modified":"2024-06-13T16:51:45","modified_gmt":"2024-06-13T14:51:45","slug":"7-chorwettbewerb-sing-mit-2024","status":"publish","type":"post","link":"https:\/\/sparkassenstiftungen-ka.de\/jugendstiftung\/kreativitaet-musik\/chorwettbewerb-sing-mit\/7-chorwettbewerb-sing-mit-2024\/","title":{"rendered":"7. Karlsruher Chorwettbewerb f\u00fcr weiterf\u00fchrende Schulen \u201eSing mit!\u201c 2024"},"content":{"rendered":"\n<p>\u201eMusik macht Freude!\u201c Mit diesen Worten brachte Sparkassendirektor Lutz Boden die festliche und erwartungsvolle Stimmung des Konzertabends auf den Punkt. Bereits zum 7. Mal haben die Jugendstiftung der Sparkasse Karlsruhe und ihr Kooperationspartner, der Landesmusikrat Baden-W\u00fcrttemberg, mit ihrem Chorwettbewerb f\u00fcr weiterf\u00fchrende Schulen f\u00fcr Freude und strahlende Gesichter auf allen Seiten gesorgt.<\/p>\n\n\n\n<p>Zehn Ch\u00f6re haben sich im M\u00e4rz beim Vorstellungskonzert im Schloss Gottesaue der Jury pr\u00e4sentiert. Sieben von ihnen konnten die Juroren Prof. Dr. Hermann Wilske, Pr\u00e4sident des Landesmusikrats, Maria L\u00f6hlein-Mader, Vizepr\u00e4sidentin des Badischen Chorverbandes, Prof. Andrea Raabe, Leiterin des Instituts f\u00fcr Musiktheater der Hochschule f\u00fcr Musik Karlsruhe, Studiendirektor Kajo Lejeune, Regierungspr\u00e4sidium Karlsruhe und Gisela von Renteln, ehem. Gesch\u00e4ftsf\u00fchrerin der Jugendstiftung, besonders \u00fcberzeugen und wurden mit Preisen ausgezeichnet.<\/p>\n\n\n\n<p>Die Preisverleihung fand im Rahmen eines Preistr\u00e4gerkonzerts am 12. Juni 2024 in der Badnerlandhalle in Karlsruhe-Neureut statt. Die Teilnehmer konnten sich \u00fcber zwei 1. Preise, vier 2. Preise und einen Sonderpreis freuen: Mit einem 1. Preis wurde der Chor der Gesangsklassen 6 des Thomas-Mann-Gymnasiums Stutensee und der Kammerchor des St.-Dominikus-Gymnasiums Karlsruhe f\u00fcr ihre hervorragenden Leistungen belohnt. \u00dcber einen 2. Preis freuten sich der Unterstufenchor des Lessing-Gymnasiums Karlsruhe, der Schulchor des Bismarck-Gymnasiums Karlsruhe sowie der Philharmonische Chor des Helmholtz-Gymnasiums Karlsruhe. Einen Sonderpreis erhielt das Popensemble \u201eSing for your life\u201c der Gemeinschaftsschule Oberhausen-Rheinhausen.<\/p>\n\n\n\n<p>Moderiert wurde die Veranstaltung von Harald Maier, Generalsekret\u00e4r des Landesmusikrats Baden-W\u00fcrttemberg, der gemeinsam mit Sparkassendirektor Lutz Boden und Mitgliedern der Jury Urkunden und Preisgelder \u00fcberreichte. Herr Boden dankte den Vertretern der Jury f\u00fcr die langj\u00e4hrige Unterst\u00fctzung und der Oberb\u00fcrgermeisterin der Stadt Stutensee und dem stellvertretenden Ortsvorsteher von Neureut f\u00fcr Ihr Kommen. Den Dank richtete er auch an die Schulleiterinnen und Schulleiter, die mit Ihrem Kommen Ihre Anerkennung f\u00fcr die jungen S\u00e4ngerinnen und S\u00e4nger zum Ausdruck brachten.<\/p>\n\n\n\n<figure class=\"wp-block-image size-full\"><img loading=\"lazy\" decoding=\"async\" width=\"1000\" height=\"600\" src=\"https:\/\/sparkassenstiftungen-ka.de\/jugendstiftung\/wp-content\/uploads\/sites\/2\/2024\/06\/sing-mit-2024.webp\" alt=\"7. Karlsruher Chorwettbewerb f\u00fcr weiterf\u00fchrende Schulen \u201eSing mit!\u201c 2024\" class=\"wp-image-3551\" srcset=\"https:\/\/sparkassenstiftungen-ka.de\/jugendstiftung\/wp-content\/uploads\/sites\/2\/2024\/06\/sing-mit-2024.webp 1000w, https:\/\/sparkassenstiftungen-ka.de\/jugendstiftung\/wp-content\/uploads\/sites\/2\/2024\/06\/sing-mit-2024-300x180.webp 300w, https:\/\/sparkassenstiftungen-ka.de\/jugendstiftung\/wp-content\/uploads\/sites\/2\/2024\/06\/sing-mit-2024-768x461.webp 768w\" sizes=\"auto, (max-width: 1000px) 100vw, 1000px\" \/><figcaption class=\"wp-element-caption\">V.l.n.r.: Harald Maier, Landesmusikrat Baden-W\u00fcrttemberg, Kajo Lejeune, Regierungspr\u00e4sidium Karlsruhe, Prof. Dr. Hermann Wilske, Pr\u00e4sident Landesmusikrat Baden-W\u00fcrttemberg, Prof. Andrea Raabe, Hochschule f\u00fcr Musik Karlsruhe, Vizepr\u00e4sidentin Maria L\u00f6hlein-Mader, Badischer Chorverband, Lutz Boden, Vorstandsmitglied der Sparkasse Karlsruhe. Im Hintergrund: Kammerchor des St. Dominikus-Gymnasiums Karlsruhe mit Chorleiterin und Schulleiterin. <\/figcaption><\/figure>\n","protected":false},"excerpt":{"rendered":"<p>\u201eMusik macht Freude!\u201c Mit diesen Worten brachte Sparkassendirektor Lutz Boden die festliche und erwartungsvolle Stimmung des Konzertabends auf den Punkt. Bereits zum 7. Mal haben &#8230; <a title=\"7. Karlsruher Chorwettbewerb f\u00fcr weiterf\u00fchrende Schulen \u201eSing mit!\u201c 2024\" class=\"read-more\" href=\"https:\/\/sparkassenstiftungen-ka.de\/jugendstiftung\/kreativitaet-musik\/chorwettbewerb-sing-mit\/7-chorwettbewerb-sing-mit-2024\/\" aria-label=\"Mehr Informationen \u00fcber 7. Karlsruher Chorwettbewerb f\u00fcr weiterf\u00fchrende Schulen \u201eSing mit!\u201c 2024\">Weiterlesen &#8230;<\/a><\/p>\n","protected":false},"author":2,"featured_media":3550,"comment_status":"closed","ping_status":"closed","sticky":false,"template":"","format":"standard","meta":{"footnotes":""},"categories":[10],"tags":[],"class_list":["post-3552","post","type-post","status-publish","format-standard","has-post-thumbnail","hentry","category-chorwettbewerb-sing-mit","resize-featured-image"],"_links":{"self":[{"href":"https:\/\/sparkassenstiftungen-ka.de\/jugendstiftung\/wp-json\/wp\/v2\/posts\/3552","targetHints":{"allow":["GET"]}}],"collection":[{"href":"https:\/\/sparkassenstiftungen-ka.de\/jugendstiftung\/wp-json\/wp\/v2\/posts"}],"about":[{"href":"https:\/\/sparkassenstiftungen-ka.de\/jugendstiftung\/wp-json\/wp\/v2\/types\/post"}],"author":[{"embeddable":true,"href":"https:\/\/sparkassenstiftungen-ka.de\/jugendstiftung\/wp-json\/wp\/v2\/users\/2"}],"replies":[{"embeddable":true,"href":"https:\/\/sparkassenstiftungen-ka.de\/jugendstiftung\/wp-json\/wp\/v2\/comments?post=3552"}],"version-history":[{"count":1,"href":"https:\/\/sparkassenstiftungen-ka.de\/jugendstiftung\/wp-json\/wp\/v2\/posts\/3552\/revisions"}],"predecessor-version":[{"id":3553,"href":"https:\/\/sparkassenstiftungen-ka.de\/jugendstiftung\/wp-json\/wp\/v2\/posts\/3552\/revisions\/3553"}],"wp:featuredmedia":[{"embeddable":true,"href":"https:\/\/sparkassenstiftungen-ka.de\/jugendstiftung\/wp-json\/wp\/v2\/media\/3550"}],"wp:attachment":[{"href":"https:\/\/sparkassenstiftungen-ka.de\/jugendstiftung\/wp-json\/wp\/v2\/media?parent=3552"}],"wp:term":[{"taxonomy":"category","embeddable":true,"href":"https:\/\/sparkassenstiftungen-ka.de\/jugendstiftung\/wp-json\/wp\/v2\/categories?post=3552"},{"taxonomy":"post_tag","embeddable":true,"href":"https:\/\/sparkassenstiftungen-ka.de\/jugendstiftung\/wp-json\/wp\/v2\/tags?post=3552"}],"curies":[{"name":"wp","href":"https:\/\/api.w.org\/{rel}","templated":true}]}}