{"id":3512,"date":"2024-03-22T16:02:00","date_gmt":"2024-03-22T15:02:00","guid":{"rendered":"https:\/\/sparkassenstiftungen-ka.de\/jugendstiftung\/?p=3512"},"modified":"2024-05-23T07:34:54","modified_gmt":"2024-05-23T05:34:54","slug":"karlsruher-chorwettbewerb-fuer-weiterfuehrende-schulen-sing-mit-2024","status":"publish","type":"post","link":"https:\/\/sparkassenstiftungen-ka.de\/jugendstiftung\/kreativitaet-musik\/chorwettbewerb-sing-mit\/karlsruher-chorwettbewerb-fuer-weiterfuehrende-schulen-sing-mit-2024\/","title":{"rendered":"Karlsruher Chorwettbewerb f\u00fcr weiterf\u00fchrende Schulen \u201eSing mit!\u201c 2024"},"content":{"rendered":"\n<p>Das Vorstellungskonzert im Schloss Gottesaue (Hochschule f\u00fcr Musik Karlsruhe) am 21. M\u00e4rz 2024 war ein besonderes Erlebnis f\u00fcr die jungen S\u00e4ngerinnen und S\u00e4nger. Mit viel Mut und Engagement pr\u00e4sentierte jeder Chor seine Liedauswahl. In der Bildergalerie sehen Sie Bilder von jedem Chor in Reihenfolge ihrer Auftritte.<\/p>\n\n\n\n<p>Das Preistr\u00e4gerkonzert findet am 12. Juni 2024 in der Badnerlandhalle in Karlsruhe-Neureut statt.<\/p>\n\n\n\n<p>\u201eSing mit!\u201c ist ein gemeinsames Projekt der Jugendstiftung der Sparkasse Karlsruhe mit dem Landesmusikrat Baden-W\u00fcrttemberg. Weitere Informationen finden Sie in unserem Flyer:<\/p>\n\n\n\n<a class=\"gb-button gb-button-bf648c3a\" href=\"https:\/\/sparkassenstiftungen-ka.de\/jugendstiftung\/wp-content\/uploads\/sites\/2\/2023\/10\/Sing-Mit-Ausschreibung-2024.pdf\"><span class=\"gb-icon\"><svg viewBox=\"0 0 512 512\" xmlns=\"http:\/\/www.w3.org\/2000\/svg\"><path d=\"M288 32c0-17.7-14.3-32-32-32s-32 14.3-32 32V274.7l-73.4-73.4c-12.5-12.5-32.8-12.5-45.3 0s-12.5 32.8 0 45.3l128 128c12.5 12.5 32.8 12.5 45.3 0l128-128c12.5-12.5 12.5-32.8 0-45.3s-32.8-12.5-45.3 0L288 274.7V32zM64 352c-35.3 0-64 28.7-64 64v32c0 35.3 28.7 64 64 64H448c35.3 0 64-28.7 64-64V416c0-35.3-28.7-64-64-64H346.5l-45.3 45.3c-25 25-65.5 25-90.5 0L165.5 352H64zm368 56a24 24 0 1 1 0 48 24 24 0 1 1 0-48z\"><\/path><\/svg><\/span><span class=\"gb-button-text\">Download Flyer \u201eSing mit!\u201c 2024 als PDF<\/span><\/a>\n\n\n\n<div style=\"height:38px\" aria-hidden=\"true\" class=\"wp-block-spacer\"><\/div>\n\n\n\n<h2 class=\"wp-block-heading\">Die Ch\u00f6re (in Reihenfolge ihrer Auftritte)<\/h2>\n\n\n\n<h3 class=\"wp-block-heading\">1. Lessing-Gymnasium Karlsruhe, Unterstufenchor<\/h3>\n\n\n\n<figure class=\"wp-block-gallery has-nested-images columns-1 is-cropped wp-block-gallery-1 is-layout-flex wp-block-gallery-is-layout-flex\">\n<figure class=\"wp-block-image size-large\"><a href=\"https:\/\/sparkassenstiftungen-ka.de\/jugendstiftung\/01_lessing-gymn_unterstufenchor_sing-mit-2024\/\"><img loading=\"lazy\" decoding=\"async\" width=\"1000\" height=\"600\" data-id=\"3492\" src=\"https:\/\/sparkassenstiftungen-ka.de\/jugendstiftung\/wp-content\/uploads\/sites\/2\/2024\/05\/01_Lessing-Gymn_Unterstufenchor_Sing-mit-2024.webp\" alt=\"Lessing-Gymnasium Karlsruhe, Unterstufenchor\" class=\"wp-image-3492\" srcset=\"https:\/\/sparkassenstiftungen-ka.de\/jugendstiftung\/wp-content\/uploads\/sites\/2\/2024\/05\/01_Lessing-Gymn_Unterstufenchor_Sing-mit-2024.webp 1000w, https:\/\/sparkassenstiftungen-ka.de\/jugendstiftung\/wp-content\/uploads\/sites\/2\/2024\/05\/01_Lessing-Gymn_Unterstufenchor_Sing-mit-2024-300x180.webp 300w, https:\/\/sparkassenstiftungen-ka.de\/jugendstiftung\/wp-content\/uploads\/sites\/2\/2024\/05\/01_Lessing-Gymn_Unterstufenchor_Sing-mit-2024-768x461.webp 768w\" sizes=\"auto, (max-width: 1000px) 100vw, 1000px\" \/><\/a><figcaption class=\"wp-element-caption\">Lessing-Gymnasium Karlsruhe, Unterstufenchor<\/figcaption><\/figure>\n\n\n\n<figure class=\"wp-block-image size-large\"><a href=\"https:\/\/sparkassenstiftungen-ka.de\/jugendstiftung\/01_lessing-gymn-unterstufenchor-2024\/\"><img loading=\"lazy\" decoding=\"async\" width=\"1000\" height=\"600\" data-id=\"3493\" src=\"https:\/\/sparkassenstiftungen-ka.de\/jugendstiftung\/wp-content\/uploads\/sites\/2\/2024\/05\/01_Lessing-Gymn-Unterstufenchor-2024.webp\" alt=\"Lessing-Gymnasium Karlsruhe, Unterstufenchor\" class=\"wp-image-3493\" srcset=\"https:\/\/sparkassenstiftungen-ka.de\/jugendstiftung\/wp-content\/uploads\/sites\/2\/2024\/05\/01_Lessing-Gymn-Unterstufenchor-2024.webp 1000w, https:\/\/sparkassenstiftungen-ka.de\/jugendstiftung\/wp-content\/uploads\/sites\/2\/2024\/05\/01_Lessing-Gymn-Unterstufenchor-2024-300x180.webp 300w, https:\/\/sparkassenstiftungen-ka.de\/jugendstiftung\/wp-content\/uploads\/sites\/2\/2024\/05\/01_Lessing-Gymn-Unterstufenchor-2024-768x461.webp 768w\" sizes=\"auto, (max-width: 1000px) 100vw, 1000px\" \/><\/a><figcaption class=\"wp-element-caption\">Lessing-Gymnasium Karlsruhe, Unterstufenchor<\/figcaption><\/figure>\n<\/figure>\n\n\n\n<div style=\"height:40px\" aria-hidden=\"true\" class=\"wp-block-spacer\"><\/div>\n\n\n\n<h3 class=\"wp-block-heading\">2. St.-Dominikus-Gymnasium, Dominis<\/h3>\n\n\n\n<figure class=\"wp-block-gallery has-nested-images columns-1 is-cropped wp-block-gallery-2 is-layout-flex wp-block-gallery-is-layout-flex\">\n<figure class=\"wp-block-image size-large\"><a href=\"https:\/\/sparkassenstiftungen-ka.de\/jugendstiftung\/02_st-dominikus-gymn-unterstufenchor_sing-mit-2024\/\"><img loading=\"lazy\" decoding=\"async\" width=\"1000\" height=\"600\" data-id=\"3494\" src=\"https:\/\/sparkassenstiftungen-ka.de\/jugendstiftung\/wp-content\/uploads\/sites\/2\/2024\/05\/02_St.-Dominikus-Gymn.-Unterstufenchor_Sing-mit-2024.webp\" alt=\"St.-Dominikus-Gymnasium, Dominis\" class=\"wp-image-3494\" srcset=\"https:\/\/sparkassenstiftungen-ka.de\/jugendstiftung\/wp-content\/uploads\/sites\/2\/2024\/05\/02_St.-Dominikus-Gymn.-Unterstufenchor_Sing-mit-2024.webp 1000w, https:\/\/sparkassenstiftungen-ka.de\/jugendstiftung\/wp-content\/uploads\/sites\/2\/2024\/05\/02_St.-Dominikus-Gymn.-Unterstufenchor_Sing-mit-2024-300x180.webp 300w, https:\/\/sparkassenstiftungen-ka.de\/jugendstiftung\/wp-content\/uploads\/sites\/2\/2024\/05\/02_St.-Dominikus-Gymn.-Unterstufenchor_Sing-mit-2024-768x461.webp 768w\" sizes=\"auto, (max-width: 1000px) 100vw, 1000px\" \/><\/a><figcaption class=\"wp-element-caption\">St.-Dominikus-Gymnasium, Dominis <\/figcaption><\/figure>\n\n\n\n<figure class=\"wp-block-image size-large\"><a href=\"https:\/\/sparkassenstiftungen-ka.de\/jugendstiftung\/02_st-dominikus-gymn-unterstufenchor-2024\/\"><img loading=\"lazy\" decoding=\"async\" width=\"1000\" height=\"600\" data-id=\"3495\" src=\"https:\/\/sparkassenstiftungen-ka.de\/jugendstiftung\/wp-content\/uploads\/sites\/2\/2024\/05\/02_St-Dominikus-Gymn-Unterstufenchor-2024.webp\" alt=\"St.-Dominikus-Gymnasium, Dominis\" class=\"wp-image-3495\" srcset=\"https:\/\/sparkassenstiftungen-ka.de\/jugendstiftung\/wp-content\/uploads\/sites\/2\/2024\/05\/02_St-Dominikus-Gymn-Unterstufenchor-2024.webp 1000w, https:\/\/sparkassenstiftungen-ka.de\/jugendstiftung\/wp-content\/uploads\/sites\/2\/2024\/05\/02_St-Dominikus-Gymn-Unterstufenchor-2024-300x180.webp 300w, https:\/\/sparkassenstiftungen-ka.de\/jugendstiftung\/wp-content\/uploads\/sites\/2\/2024\/05\/02_St-Dominikus-Gymn-Unterstufenchor-2024-768x461.webp 768w\" sizes=\"auto, (max-width: 1000px) 100vw, 1000px\" \/><\/a><figcaption class=\"wp-element-caption\">St.-Dominikus-Gymnasium, Dominis <\/figcaption><\/figure>\n<\/figure>\n\n\n\n<div style=\"height:40px\" aria-hidden=\"true\" class=\"wp-block-spacer\"><\/div>\n\n\n\n<h3 class=\"wp-block-heading\">3. Bismarck-Gymnasium, Singklasse<\/h3>\n\n\n\n<figure class=\"wp-block-gallery has-nested-images columns-1 is-cropped wp-block-gallery-3 is-layout-flex wp-block-gallery-is-layout-flex\">\n<figure class=\"wp-block-image size-large\"><a href=\"https:\/\/sparkassenstiftungen-ka.de\/jugendstiftung\/03_bismarck-gymn_singklasse_sing-mit-2024\/\"><img loading=\"lazy\" decoding=\"async\" width=\"1000\" height=\"600\" data-id=\"3496\" src=\"https:\/\/sparkassenstiftungen-ka.de\/jugendstiftung\/wp-content\/uploads\/sites\/2\/2024\/05\/03_Bismarck-Gymn_Singklasse_Sing-mit-2024.webp\" alt=\"Bismarck-Gymnasium, Singklasse\" class=\"wp-image-3496\" srcset=\"https:\/\/sparkassenstiftungen-ka.de\/jugendstiftung\/wp-content\/uploads\/sites\/2\/2024\/05\/03_Bismarck-Gymn_Singklasse_Sing-mit-2024.webp 1000w, https:\/\/sparkassenstiftungen-ka.de\/jugendstiftung\/wp-content\/uploads\/sites\/2\/2024\/05\/03_Bismarck-Gymn_Singklasse_Sing-mit-2024-300x180.webp 300w, https:\/\/sparkassenstiftungen-ka.de\/jugendstiftung\/wp-content\/uploads\/sites\/2\/2024\/05\/03_Bismarck-Gymn_Singklasse_Sing-mit-2024-768x461.webp 768w\" sizes=\"auto, (max-width: 1000px) 100vw, 1000px\" \/><\/a><figcaption class=\"wp-element-caption\">Bismarck-Gymnasium, Singklasse<\/figcaption><\/figure>\n\n\n\n<figure class=\"wp-block-image size-large\"><a href=\"https:\/\/sparkassenstiftungen-ka.de\/jugendstiftung\/03_bismarck-gymn_singklasse-2024\/\"><img loading=\"lazy\" decoding=\"async\" width=\"1000\" height=\"600\" data-id=\"3497\" src=\"https:\/\/sparkassenstiftungen-ka.de\/jugendstiftung\/wp-content\/uploads\/sites\/2\/2024\/05\/03_Bismarck-Gymn_Singklasse-2024.webp\" alt=\"Bismarck-Gymnasium, Singklasse\" class=\"wp-image-3497\" srcset=\"https:\/\/sparkassenstiftungen-ka.de\/jugendstiftung\/wp-content\/uploads\/sites\/2\/2024\/05\/03_Bismarck-Gymn_Singklasse-2024.webp 1000w, https:\/\/sparkassenstiftungen-ka.de\/jugendstiftung\/wp-content\/uploads\/sites\/2\/2024\/05\/03_Bismarck-Gymn_Singklasse-2024-300x180.webp 300w, https:\/\/sparkassenstiftungen-ka.de\/jugendstiftung\/wp-content\/uploads\/sites\/2\/2024\/05\/03_Bismarck-Gymn_Singklasse-2024-768x461.webp 768w\" sizes=\"auto, (max-width: 1000px) 100vw, 1000px\" \/><\/a><figcaption class=\"wp-element-caption\">Bismarck-Gymnasium, Singklasse<\/figcaption><\/figure>\n<\/figure>\n\n\n\n<div style=\"height:40px\" aria-hidden=\"true\" class=\"wp-block-spacer\"><\/div>\n\n\n\n<h3 class=\"wp-block-heading\">4. Helmholtz-Gymnasium Karlsruhe, Unterstufenchor<\/h3>\n\n\n\n<figure class=\"wp-block-gallery has-nested-images columns-1 is-cropped wp-block-gallery-4 is-layout-flex wp-block-gallery-is-layout-flex\">\n<figure class=\"wp-block-image size-large\"><a href=\"https:\/\/sparkassenstiftungen-ka.de\/jugendstiftung\/04_helmholtz-gymn_unterstufenchor_sing-mit-2024\/\"><img loading=\"lazy\" decoding=\"async\" width=\"1000\" height=\"600\" data-id=\"3498\" src=\"https:\/\/sparkassenstiftungen-ka.de\/jugendstiftung\/wp-content\/uploads\/sites\/2\/2024\/05\/04_Helmholtz-Gymn_Unterstufenchor_Sing-mit-2024.webp\" alt=\"Helmholtz-Gymnasium Karlsruhe, Unterstufenchor\" class=\"wp-image-3498\" srcset=\"https:\/\/sparkassenstiftungen-ka.de\/jugendstiftung\/wp-content\/uploads\/sites\/2\/2024\/05\/04_Helmholtz-Gymn_Unterstufenchor_Sing-mit-2024.webp 1000w, https:\/\/sparkassenstiftungen-ka.de\/jugendstiftung\/wp-content\/uploads\/sites\/2\/2024\/05\/04_Helmholtz-Gymn_Unterstufenchor_Sing-mit-2024-300x180.webp 300w, https:\/\/sparkassenstiftungen-ka.de\/jugendstiftung\/wp-content\/uploads\/sites\/2\/2024\/05\/04_Helmholtz-Gymn_Unterstufenchor_Sing-mit-2024-768x461.webp 768w\" sizes=\"auto, (max-width: 1000px) 100vw, 1000px\" \/><\/a><figcaption class=\"wp-element-caption\">Helmholtz-Gymnasium Karlsruhe, Unterstufenchor <\/figcaption><\/figure>\n\n\n\n<figure class=\"wp-block-image size-large\"><a href=\"https:\/\/sparkassenstiftungen-ka.de\/jugendstiftung\/04_helmholtz-gymn_unterstufenchor-2024\/\"><img loading=\"lazy\" decoding=\"async\" width=\"1000\" height=\"600\" data-id=\"3499\" src=\"https:\/\/sparkassenstiftungen-ka.de\/jugendstiftung\/wp-content\/uploads\/sites\/2\/2024\/05\/04_Helmholtz-Gymn_Unterstufenchor-2024.webp\" alt=\"Helmholtz-Gymnasium Karlsruhe, Unterstufenchor\" class=\"wp-image-3499\" srcset=\"https:\/\/sparkassenstiftungen-ka.de\/jugendstiftung\/wp-content\/uploads\/sites\/2\/2024\/05\/04_Helmholtz-Gymn_Unterstufenchor-2024.webp 1000w, https:\/\/sparkassenstiftungen-ka.de\/jugendstiftung\/wp-content\/uploads\/sites\/2\/2024\/05\/04_Helmholtz-Gymn_Unterstufenchor-2024-300x180.webp 300w, https:\/\/sparkassenstiftungen-ka.de\/jugendstiftung\/wp-content\/uploads\/sites\/2\/2024\/05\/04_Helmholtz-Gymn_Unterstufenchor-2024-768x461.webp 768w\" sizes=\"auto, (max-width: 1000px) 100vw, 1000px\" \/><\/a><figcaption class=\"wp-element-caption\">Helmholtz-Gymnasium Karlsruhe, Unterstufenchor <\/figcaption><\/figure>\n<\/figure>\n\n\n\n<div style=\"height:40px\" aria-hidden=\"true\" class=\"wp-block-spacer\"><\/div>\n\n\n\n<h3 class=\"wp-block-heading\">5. Max-Planck-Gymnasium, Unterstufenchor<\/h3>\n\n\n\n<figure class=\"wp-block-gallery has-nested-images columns-1 is-cropped wp-block-gallery-5 is-layout-flex wp-block-gallery-is-layout-flex\">\n<figure class=\"wp-block-image size-large\"><a href=\"https:\/\/sparkassenstiftungen-ka.de\/jugendstiftung\/05_max-planck-gymn_unterstufenchor_sing-mit-2024\/\"><img loading=\"lazy\" decoding=\"async\" width=\"1000\" height=\"600\" data-id=\"3500\" src=\"https:\/\/sparkassenstiftungen-ka.de\/jugendstiftung\/wp-content\/uploads\/sites\/2\/2024\/05\/05_Max-Planck-Gymn_Unterstufenchor_Sing-mit-2024.webp\" alt=\"Max-Planck-Gymnasium, Unterstufenchor\" class=\"wp-image-3500\" srcset=\"https:\/\/sparkassenstiftungen-ka.de\/jugendstiftung\/wp-content\/uploads\/sites\/2\/2024\/05\/05_Max-Planck-Gymn_Unterstufenchor_Sing-mit-2024.webp 1000w, https:\/\/sparkassenstiftungen-ka.de\/jugendstiftung\/wp-content\/uploads\/sites\/2\/2024\/05\/05_Max-Planck-Gymn_Unterstufenchor_Sing-mit-2024-300x180.webp 300w, https:\/\/sparkassenstiftungen-ka.de\/jugendstiftung\/wp-content\/uploads\/sites\/2\/2024\/05\/05_Max-Planck-Gymn_Unterstufenchor_Sing-mit-2024-768x461.webp 768w\" sizes=\"auto, (max-width: 1000px) 100vw, 1000px\" \/><\/a><figcaption class=\"wp-element-caption\">Max-Planck-Gymnasium, Unterstufenchor<\/figcaption><\/figure>\n\n\n\n<figure class=\"wp-block-image size-large\"><a href=\"https:\/\/sparkassenstiftungen-ka.de\/jugendstiftung\/05_max-planck-gymn_unterstufenchor-2024\/\"><img loading=\"lazy\" decoding=\"async\" width=\"1000\" height=\"600\" data-id=\"3501\" src=\"https:\/\/sparkassenstiftungen-ka.de\/jugendstiftung\/wp-content\/uploads\/sites\/2\/2024\/05\/05_Max-Planck-Gymn_Unterstufenchor-2024.webp\" alt=\"Max-Planck-Gymnasium, Unterstufenchor\" class=\"wp-image-3501\" srcset=\"https:\/\/sparkassenstiftungen-ka.de\/jugendstiftung\/wp-content\/uploads\/sites\/2\/2024\/05\/05_Max-Planck-Gymn_Unterstufenchor-2024.webp 1000w, https:\/\/sparkassenstiftungen-ka.de\/jugendstiftung\/wp-content\/uploads\/sites\/2\/2024\/05\/05_Max-Planck-Gymn_Unterstufenchor-2024-300x180.webp 300w, https:\/\/sparkassenstiftungen-ka.de\/jugendstiftung\/wp-content\/uploads\/sites\/2\/2024\/05\/05_Max-Planck-Gymn_Unterstufenchor-2024-768x461.webp 768w\" sizes=\"auto, (max-width: 1000px) 100vw, 1000px\" \/><\/a><figcaption class=\"wp-element-caption\">Max-Planck-Gymnasium, Unterstufenchor<\/figcaption><\/figure>\n<\/figure>\n\n\n\n<div style=\"height:40px\" aria-hidden=\"true\" class=\"wp-block-spacer\"><\/div>\n\n\n\n<h3 class=\"wp-block-heading\">6. Thomas-Mann-Gymnasium Stutensee, Chor der Gesangsklassen 6<\/h3>\n\n\n\n<figure class=\"wp-block-gallery has-nested-images columns-1 is-cropped wp-block-gallery-6 is-layout-flex wp-block-gallery-is-layout-flex\">\n<figure class=\"wp-block-image size-large\"><a href=\"https:\/\/sparkassenstiftungen-ka.de\/jugendstiftung\/06_th-mann-gymn_chor-der-gesangsklassen-6_sing-mit-2024\/\"><img loading=\"lazy\" decoding=\"async\" width=\"1000\" height=\"600\" data-id=\"3502\" src=\"https:\/\/sparkassenstiftungen-ka.de\/jugendstiftung\/wp-content\/uploads\/sites\/2\/2024\/05\/06_Th.-Mann-Gymn_Chor-der-Gesangsklassen-6_Sing-mit-2024.webp\" alt=\"Thomas-Mann-Gymnasium Stutensee, Chor der Gesangsklassen 6\" class=\"wp-image-3502\" srcset=\"https:\/\/sparkassenstiftungen-ka.de\/jugendstiftung\/wp-content\/uploads\/sites\/2\/2024\/05\/06_Th.-Mann-Gymn_Chor-der-Gesangsklassen-6_Sing-mit-2024.webp 1000w, https:\/\/sparkassenstiftungen-ka.de\/jugendstiftung\/wp-content\/uploads\/sites\/2\/2024\/05\/06_Th.-Mann-Gymn_Chor-der-Gesangsklassen-6_Sing-mit-2024-300x180.webp 300w, https:\/\/sparkassenstiftungen-ka.de\/jugendstiftung\/wp-content\/uploads\/sites\/2\/2024\/05\/06_Th.-Mann-Gymn_Chor-der-Gesangsklassen-6_Sing-mit-2024-768x461.webp 768w\" sizes=\"auto, (max-width: 1000px) 100vw, 1000px\" \/><\/a><figcaption class=\"wp-element-caption\">Thomas-Mann-Gymnasium Stutensee, Chor der Gesangsklassen 6<\/figcaption><\/figure>\n\n\n\n<figure class=\"wp-block-image size-large\"><a href=\"https:\/\/sparkassenstiftungen-ka.de\/jugendstiftung\/06_th-mann-gymn_chor-der-gesangsklassen-2024\/\"><img loading=\"lazy\" decoding=\"async\" width=\"1000\" height=\"600\" data-id=\"3503\" src=\"https:\/\/sparkassenstiftungen-ka.de\/jugendstiftung\/wp-content\/uploads\/sites\/2\/2024\/05\/06_Th.-Mann-Gymn_Chor-der-Gesangsklassen-2024.webp\" alt=\"Thomas-Mann-Gymnasium Stutensee, Chor der Gesangsklassen 6\" class=\"wp-image-3503\" srcset=\"https:\/\/sparkassenstiftungen-ka.de\/jugendstiftung\/wp-content\/uploads\/sites\/2\/2024\/05\/06_Th.-Mann-Gymn_Chor-der-Gesangsklassen-2024.webp 1000w, https:\/\/sparkassenstiftungen-ka.de\/jugendstiftung\/wp-content\/uploads\/sites\/2\/2024\/05\/06_Th.-Mann-Gymn_Chor-der-Gesangsklassen-2024-300x180.webp 300w, https:\/\/sparkassenstiftungen-ka.de\/jugendstiftung\/wp-content\/uploads\/sites\/2\/2024\/05\/06_Th.-Mann-Gymn_Chor-der-Gesangsklassen-2024-768x461.webp 768w\" sizes=\"auto, (max-width: 1000px) 100vw, 1000px\" \/><\/a><figcaption class=\"wp-element-caption\">Thomas-Mann-Gymnasium Stutensee, Chor der Gesangsklassen 6<\/figcaption><\/figure>\n<\/figure>\n\n\n\n<div style=\"height:40px\" aria-hidden=\"true\" class=\"wp-block-spacer\"><\/div>\n\n\n\n<h3 class=\"wp-block-heading\">7. Gemeinschaftsschule Oberhausen, Sing for your life<\/h3>\n\n\n\n<figure class=\"wp-block-gallery has-nested-images columns-1 is-cropped wp-block-gallery-7 is-layout-flex wp-block-gallery-is-layout-flex\">\n<figure class=\"wp-block-image size-large\"><a href=\"https:\/\/sparkassenstiftungen-ka.de\/jugendstiftung\/07_gms-oberhausen_popensemble_sing-for-your-life_sing-mit-2024\/\"><img loading=\"lazy\" decoding=\"async\" width=\"1000\" height=\"600\" data-id=\"3504\" src=\"https:\/\/sparkassenstiftungen-ka.de\/jugendstiftung\/wp-content\/uploads\/sites\/2\/2024\/05\/07_GMS-Oberhausen_Popensemble_Sing-for-your-life_Sing-mit-2024.webp\" alt=\"Gemeinschaftsschule Oberhausen, Sing for your life\" class=\"wp-image-3504\" srcset=\"https:\/\/sparkassenstiftungen-ka.de\/jugendstiftung\/wp-content\/uploads\/sites\/2\/2024\/05\/07_GMS-Oberhausen_Popensemble_Sing-for-your-life_Sing-mit-2024.webp 1000w, https:\/\/sparkassenstiftungen-ka.de\/jugendstiftung\/wp-content\/uploads\/sites\/2\/2024\/05\/07_GMS-Oberhausen_Popensemble_Sing-for-your-life_Sing-mit-2024-300x180.webp 300w, https:\/\/sparkassenstiftungen-ka.de\/jugendstiftung\/wp-content\/uploads\/sites\/2\/2024\/05\/07_GMS-Oberhausen_Popensemble_Sing-for-your-life_Sing-mit-2024-768x461.webp 768w\" sizes=\"auto, (max-width: 1000px) 100vw, 1000px\" \/><\/a><figcaption class=\"wp-element-caption\">Gemeinschaftsschule Oberhausen, Sing for your life<\/figcaption><\/figure>\n\n\n\n<figure class=\"wp-block-image size-large\"><a href=\"https:\/\/sparkassenstiftungen-ka.de\/jugendstiftung\/07_gms-oberhausen_popensemble_sing-for-your-life-2024\/\"><img loading=\"lazy\" decoding=\"async\" width=\"1000\" height=\"600\" data-id=\"3505\" src=\"https:\/\/sparkassenstiftungen-ka.de\/jugendstiftung\/wp-content\/uploads\/sites\/2\/2024\/05\/07_GMS-Oberhausen_Popensemble_Sing-for-your-life-2024.webp\" alt=\"Gemeinschaftsschule Oberhausen, Sing for your life\" class=\"wp-image-3505\" srcset=\"https:\/\/sparkassenstiftungen-ka.de\/jugendstiftung\/wp-content\/uploads\/sites\/2\/2024\/05\/07_GMS-Oberhausen_Popensemble_Sing-for-your-life-2024.webp 1000w, https:\/\/sparkassenstiftungen-ka.de\/jugendstiftung\/wp-content\/uploads\/sites\/2\/2024\/05\/07_GMS-Oberhausen_Popensemble_Sing-for-your-life-2024-300x180.webp 300w, https:\/\/sparkassenstiftungen-ka.de\/jugendstiftung\/wp-content\/uploads\/sites\/2\/2024\/05\/07_GMS-Oberhausen_Popensemble_Sing-for-your-life-2024-768x461.webp 768w\" sizes=\"auto, (max-width: 1000px) 100vw, 1000px\" \/><\/a><figcaption class=\"wp-element-caption\">Gemeinschaftsschule Oberhausen, Sing for your life<\/figcaption><\/figure>\n<\/figure>\n\n\n\n<div style=\"height:40px\" aria-hidden=\"true\" class=\"wp-block-spacer\"><\/div>\n\n\n\n<h3 class=\"wp-block-heading\">8. Bismarck-Gymnasium, Schulchor<\/h3>\n\n\n\n<figure class=\"wp-block-gallery has-nested-images columns-1 is-cropped wp-block-gallery-8 is-layout-flex wp-block-gallery-is-layout-flex\">\n<figure class=\"wp-block-image size-large\"><a href=\"https:\/\/sparkassenstiftungen-ka.de\/jugendstiftung\/08_bismarck-gymn_schulchor_sing-mit-2024\/\"><img loading=\"lazy\" decoding=\"async\" width=\"1000\" height=\"600\" data-id=\"3506\" src=\"https:\/\/sparkassenstiftungen-ka.de\/jugendstiftung\/wp-content\/uploads\/sites\/2\/2024\/05\/08_Bismarck-Gymn_Schulchor_Sing-mit-2024.webp\" alt=\"Bismarck-Gymnasium, Schulchor\" class=\"wp-image-3506\" srcset=\"https:\/\/sparkassenstiftungen-ka.de\/jugendstiftung\/wp-content\/uploads\/sites\/2\/2024\/05\/08_Bismarck-Gymn_Schulchor_Sing-mit-2024.webp 1000w, https:\/\/sparkassenstiftungen-ka.de\/jugendstiftung\/wp-content\/uploads\/sites\/2\/2024\/05\/08_Bismarck-Gymn_Schulchor_Sing-mit-2024-300x180.webp 300w, https:\/\/sparkassenstiftungen-ka.de\/jugendstiftung\/wp-content\/uploads\/sites\/2\/2024\/05\/08_Bismarck-Gymn_Schulchor_Sing-mit-2024-768x461.webp 768w\" sizes=\"auto, (max-width: 1000px) 100vw, 1000px\" \/><\/a><figcaption class=\"wp-element-caption\">Bismarck-Gymnasium, Schulchor<\/figcaption><\/figure>\n\n\n\n<figure class=\"wp-block-image size-large\"><a href=\"https:\/\/sparkassenstiftungen-ka.de\/jugendstiftung\/08_bismarck-gymn_schulchor-2024\/\"><img loading=\"lazy\" decoding=\"async\" width=\"1000\" height=\"600\" data-id=\"3507\" src=\"https:\/\/sparkassenstiftungen-ka.de\/jugendstiftung\/wp-content\/uploads\/sites\/2\/2024\/05\/08_Bismarck-Gymn_Schulchor-2024.webp\" alt=\"Bismarck-Gymnasium, Schulchor\" class=\"wp-image-3507\" srcset=\"https:\/\/sparkassenstiftungen-ka.de\/jugendstiftung\/wp-content\/uploads\/sites\/2\/2024\/05\/08_Bismarck-Gymn_Schulchor-2024.webp 1000w, https:\/\/sparkassenstiftungen-ka.de\/jugendstiftung\/wp-content\/uploads\/sites\/2\/2024\/05\/08_Bismarck-Gymn_Schulchor-2024-300x180.webp 300w, https:\/\/sparkassenstiftungen-ka.de\/jugendstiftung\/wp-content\/uploads\/sites\/2\/2024\/05\/08_Bismarck-Gymn_Schulchor-2024-768x461.webp 768w\" sizes=\"auto, (max-width: 1000px) 100vw, 1000px\" \/><\/a><figcaption class=\"wp-element-caption\">Bismarck-Gymnasium, Schulchor<\/figcaption><\/figure>\n<\/figure>\n\n\n\n<div style=\"height:40px\" aria-hidden=\"true\" class=\"wp-block-spacer\"><\/div>\n\n\n\n<h3 class=\"wp-block-heading\">9. St.-Dominikus-Gymnasium, Kammerchor<\/h3>\n\n\n\n<figure class=\"wp-block-gallery has-nested-images columns-1 is-cropped wp-block-gallery-9 is-layout-flex wp-block-gallery-is-layout-flex\">\n<figure class=\"wp-block-image size-large\"><a href=\"https:\/\/sparkassenstiftungen-ka.de\/jugendstiftung\/wp-content\/uploads\/sites\/2\/2024\/05\/09_St.-Dominikus-Gymn-Kammerchor_Sing-mit-2024.webp\"><img loading=\"lazy\" decoding=\"async\" width=\"1000\" height=\"600\" data-id=\"3509\" src=\"https:\/\/sparkassenstiftungen-ka.de\/jugendstiftung\/wp-content\/uploads\/sites\/2\/2024\/05\/09_St.-Dominikus-Gymn-Kammerchor_Sing-mit-2024.webp\" alt=\"St.-Dominikus-Gymnasium, Kammerchor\" class=\"wp-image-3509\" srcset=\"https:\/\/sparkassenstiftungen-ka.de\/jugendstiftung\/wp-content\/uploads\/sites\/2\/2024\/05\/09_St.-Dominikus-Gymn-Kammerchor_Sing-mit-2024.webp 1000w, https:\/\/sparkassenstiftungen-ka.de\/jugendstiftung\/wp-content\/uploads\/sites\/2\/2024\/05\/09_St.-Dominikus-Gymn-Kammerchor_Sing-mit-2024-300x180.webp 300w, https:\/\/sparkassenstiftungen-ka.de\/jugendstiftung\/wp-content\/uploads\/sites\/2\/2024\/05\/09_St.-Dominikus-Gymn-Kammerchor_Sing-mit-2024-768x461.webp 768w\" sizes=\"auto, (max-width: 1000px) 100vw, 1000px\" \/><\/a><figcaption class=\"wp-element-caption\">St.-Dominikus-Gymnasium, Kammerchor<\/figcaption><\/figure>\n\n\n\n<figure class=\"wp-block-image size-large\"><a href=\"https:\/\/sparkassenstiftungen-ka.de\/jugendstiftung\/wp-content\/uploads\/sites\/2\/2024\/05\/09_St.-Dominikus-Gymn_Kammerchor-2024.webp\"><img loading=\"lazy\" decoding=\"async\" width=\"1000\" height=\"600\" data-id=\"3508\" src=\"https:\/\/sparkassenstiftungen-ka.de\/jugendstiftung\/wp-content\/uploads\/sites\/2\/2024\/05\/09_St.-Dominikus-Gymn_Kammerchor-2024.webp\" alt=\"St.-Dominikus-Gymnasium, Kammerchor\" class=\"wp-image-3508\" srcset=\"https:\/\/sparkassenstiftungen-ka.de\/jugendstiftung\/wp-content\/uploads\/sites\/2\/2024\/05\/09_St.-Dominikus-Gymn_Kammerchor-2024.webp 1000w, https:\/\/sparkassenstiftungen-ka.de\/jugendstiftung\/wp-content\/uploads\/sites\/2\/2024\/05\/09_St.-Dominikus-Gymn_Kammerchor-2024-300x180.webp 300w, https:\/\/sparkassenstiftungen-ka.de\/jugendstiftung\/wp-content\/uploads\/sites\/2\/2024\/05\/09_St.-Dominikus-Gymn_Kammerchor-2024-768x461.webp 768w\" sizes=\"auto, (max-width: 1000px) 100vw, 1000px\" \/><\/a><figcaption class=\"wp-element-caption\">St.-Dominikus-Gymnasium, Kammerchor<\/figcaption><\/figure>\n<\/figure>\n\n\n\n<div style=\"height:40px\" aria-hidden=\"true\" class=\"wp-block-spacer\"><\/div>\n\n\n\n<h3 class=\"wp-block-heading\">10. Helmholtz-Gymnasium Karlsruhe, Philharmonischer Chor<\/h3>\n\n\n\n<figure class=\"wp-block-gallery has-nested-images columns-1 is-cropped wp-block-gallery-10 is-layout-flex wp-block-gallery-is-layout-flex\">\n<figure class=\"wp-block-image size-large\"><a href=\"https:\/\/sparkassenstiftungen-ka.de\/jugendstiftung\/10_helmholtz-gymn_philharmonischer-chor_sing-mit-2024\/\"><img loading=\"lazy\" decoding=\"async\" width=\"1000\" height=\"600\" data-id=\"3510\" src=\"https:\/\/sparkassenstiftungen-ka.de\/jugendstiftung\/wp-content\/uploads\/sites\/2\/2024\/05\/10_Helmholtz-Gymn_Philharmonischer-Chor_Sing-mit-2024.webp\" alt=\"Helmholtz-Gymnasium Karlsruhe, Philharmonischer Chor\" class=\"wp-image-3510\" srcset=\"https:\/\/sparkassenstiftungen-ka.de\/jugendstiftung\/wp-content\/uploads\/sites\/2\/2024\/05\/10_Helmholtz-Gymn_Philharmonischer-Chor_Sing-mit-2024.webp 1000w, https:\/\/sparkassenstiftungen-ka.de\/jugendstiftung\/wp-content\/uploads\/sites\/2\/2024\/05\/10_Helmholtz-Gymn_Philharmonischer-Chor_Sing-mit-2024-300x180.webp 300w, https:\/\/sparkassenstiftungen-ka.de\/jugendstiftung\/wp-content\/uploads\/sites\/2\/2024\/05\/10_Helmholtz-Gymn_Philharmonischer-Chor_Sing-mit-2024-768x461.webp 768w\" sizes=\"auto, (max-width: 1000px) 100vw, 1000px\" \/><\/a><figcaption class=\"wp-element-caption\">Helmholtz-Gymnasium Karlsruhe, Philharmonischer Chor<\/figcaption><\/figure>\n\n\n\n<figure class=\"wp-block-image size-large\"><a href=\"https:\/\/sparkassenstiftungen-ka.de\/jugendstiftung\/10_helmholtz-gymn_philharmonischer-chor-2024\/\"><img loading=\"lazy\" decoding=\"async\" width=\"1000\" height=\"600\" data-id=\"3511\" src=\"https:\/\/sparkassenstiftungen-ka.de\/jugendstiftung\/wp-content\/uploads\/sites\/2\/2024\/05\/10_Helmholtz-Gymn_Philharmonischer-Chor-2024.webp\" alt=\"Helmholtz-Gymnasium Karlsruhe, Philharmonischer Chor\" class=\"wp-image-3511\" srcset=\"https:\/\/sparkassenstiftungen-ka.de\/jugendstiftung\/wp-content\/uploads\/sites\/2\/2024\/05\/10_Helmholtz-Gymn_Philharmonischer-Chor-2024.webp 1000w, https:\/\/sparkassenstiftungen-ka.de\/jugendstiftung\/wp-content\/uploads\/sites\/2\/2024\/05\/10_Helmholtz-Gymn_Philharmonischer-Chor-2024-300x180.webp 300w, https:\/\/sparkassenstiftungen-ka.de\/jugendstiftung\/wp-content\/uploads\/sites\/2\/2024\/05\/10_Helmholtz-Gymn_Philharmonischer-Chor-2024-768x461.webp 768w\" sizes=\"auto, (max-width: 1000px) 100vw, 1000px\" \/><\/a><figcaption class=\"wp-element-caption\">Helmholtz-Gymnasium Karlsruhe, Philharmonischer Chor<\/figcaption><\/figure>\n<\/figure>\n","protected":false},"excerpt":{"rendered":"<p>Das Vorstellungskonzert im Schloss Gottesaue (Hochschule f\u00fcr Musik Karlsruhe) am 21. M\u00e4rz 2024 war ein besonderes Erlebnis f\u00fcr die jungen S\u00e4ngerinnen und S\u00e4nger. Mit viel &#8230; <a title=\"Karlsruher Chorwettbewerb f\u00fcr weiterf\u00fchrende Schulen \u201eSing mit!\u201c 2024\" class=\"read-more\" href=\"https:\/\/sparkassenstiftungen-ka.de\/jugendstiftung\/kreativitaet-musik\/chorwettbewerb-sing-mit\/karlsruher-chorwettbewerb-fuer-weiterfuehrende-schulen-sing-mit-2024\/\" aria-label=\"Mehr Informationen \u00fcber Karlsruher Chorwettbewerb f\u00fcr weiterf\u00fchrende Schulen \u201eSing mit!\u201c 2024\">Weiterlesen &#8230;<\/a><\/p>\n","protected":false},"author":2,"featured_media":2825,"comment_status":"closed","ping_status":"closed","sticky":false,"template":"","format":"standard","meta":{"footnotes":""},"categories":[10],"tags":[],"class_list":["post-3512","post","type-post","status-publish","format-standard","has-post-thumbnail","hentry","category-chorwettbewerb-sing-mit","resize-featured-image"],"_links":{"self":[{"href":"https:\/\/sparkassenstiftungen-ka.de\/jugendstiftung\/wp-json\/wp\/v2\/posts\/3512","targetHints":{"allow":["GET"]}}],"collection":[{"href":"https:\/\/sparkassenstiftungen-ka.de\/jugendstiftung\/wp-json\/wp\/v2\/posts"}],"about":[{"href":"https:\/\/sparkassenstiftungen-ka.de\/jugendstiftung\/wp-json\/wp\/v2\/types\/post"}],"author":[{"embeddable":true,"href":"https:\/\/sparkassenstiftungen-ka.de\/jugendstiftung\/wp-json\/wp\/v2\/users\/2"}],"replies":[{"embeddable":true,"href":"https:\/\/sparkassenstiftungen-ka.de\/jugendstiftung\/wp-json\/wp\/v2\/comments?post=3512"}],"version-history":[{"count":14,"href":"https:\/\/sparkassenstiftungen-ka.de\/jugendstiftung\/wp-json\/wp\/v2\/posts\/3512\/revisions"}],"predecessor-version":[{"id":3532,"href":"https:\/\/sparkassenstiftungen-ka.de\/jugendstiftung\/wp-json\/wp\/v2\/posts\/3512\/revisions\/3532"}],"wp:featuredmedia":[{"embeddable":true,"href":"https:\/\/sparkassenstiftungen-ka.de\/jugendstiftung\/wp-json\/wp\/v2\/media\/2825"}],"wp:attachment":[{"href":"https:\/\/sparkassenstiftungen-ka.de\/jugendstiftung\/wp-json\/wp\/v2\/media?parent=3512"}],"wp:term":[{"taxonomy":"category","embeddable":true,"href":"https:\/\/sparkassenstiftungen-ka.de\/jugendstiftung\/wp-json\/wp\/v2\/categories?post=3512"},{"taxonomy":"post_tag","embeddable":true,"href":"https:\/\/sparkassenstiftungen-ka.de\/jugendstiftung\/wp-json\/wp\/v2\/tags?post=3512"}],"curies":[{"name":"wp","href":"https:\/\/api.w.org\/{rel}","templated":true}]}}