{"id":3475,"date":"2024-05-15T10:52:21","date_gmt":"2024-05-15T08:52:21","guid":{"rendered":"https:\/\/sparkassenstiftungen-ka.de\/jugendstiftung\/?p=3475"},"modified":"2024-05-25T09:00:06","modified_gmt":"2024-05-25T07:00:06","slug":"35-schueler-leichtathletik-meisterschaften-2024","status":"publish","type":"post","link":"https:\/\/sparkassenstiftungen-ka.de\/jugendstiftung\/sportfoerderung\/leichtathletik-meisterschaften\/35-schueler-leichtathletik-meisterschaften-2024\/","title":{"rendered":"35. Sch\u00fcler-Leichtathletik-Meisterschaften 2024"},"content":{"rendered":"\n<h2 class=\"wp-block-heading\">Medaillen f\u00fcr die Besten<\/h2>\n\n\n\n<p>Es war ein Wagnis: die Sch\u00fcler-Leichtathletik-Meisterschaften erstmals im Freien! Doch die Jugendstiftung und die Leichtathletik-Gemeinschaft Region Karlsruhe wollten die vielen hoch motivierten Sch\u00fclerinnen und Sch\u00fcler nicht entt\u00e4uschen und die beliebte Veranstaltung auch unter schwierigen Bedingungen durchf\u00fchren.<\/p>\n\n\n\n<p>Und es war ein Erfolg! Trotz Nieselregen war die Stimmung im Carl-Kaufmann-Stadion gro\u00dfartig und 437 junge Sportlerinnen und Sportler aus 20 weiterf\u00fchrenden Schulen gaben ihr Bestes.<\/p>\n\n\n\n<p>Die Einzelsieger wurden f\u00fcr ihre Leistungen im Stadion mit Medaillen und Urkunden belohnt.<\/p>\n\n\n\n<p>Die besten Schulmannschaften werden wie jedes Jahr in einer Feierstunde in der Sparkasse am Europaplatz geehrt. Sie findet am 24. Juni 2024 statt.<\/p>\n\n\n\n<h2 class=\"wp-block-heading\">Weitsprung &#8211; Jungen &#8211; Jahrgang: 2013<\/h2>\n\n\n\n<figure class=\"wp-block-table\"><table><tbody><tr><th>Platz<\/th><th>StartNr<\/th><th>Name<\/th><th>Schule<\/th><th>Leistung<\/th><\/tr><tr><td>1<\/td><td>99<\/td><td>Haas, Simon<\/td><td>Helmholtz-Gymnasium<\/td><td>4,18 m<\/td><\/tr><tr><td>2<\/td><td>243<\/td><td>Tavic, Luka<\/td><td>Realschule am Rennbuckel<\/td><td>4,15 m<\/td><\/tr><tr><td>3<\/td><td>336<\/td><td>Baltasar, Benjamin<\/td><td>Walahfrid-Strabo-Gymnasium<\/td><td>4,13 m<\/td><\/tr><\/tbody><\/table><\/figure>\n\n\n\n<h2 class=\"wp-block-heading\">Weitsprung &#8211; M\u00e4dchen &#8211; Jahrgang: 2013<\/h2>\n\n\n\n<figure class=\"wp-block-table\"><table><tbody><tr><th>Platz<\/th><th>StartNr<\/th><th>Name<\/th><th>Schule<\/th><th>Leistung<\/th><\/tr><tr><td>1<\/td><td>191<\/td><td>Libich, Aleksandra<\/td><td>Otto-Hahn-Gymnasium<\/td><td>3,73 m<\/td><\/tr><tr><td>2<\/td><td>229<\/td><td>Blatter, Leni<\/td><td>Realschule am Rennbuckel<\/td><td>3,73 m<\/td><\/tr><tr><td>3<\/td><td>130<\/td><td>Ponzelar, Leah<\/td><td>Humboldt-Gymnasium<\/td><td>3,69 m<\/td><\/tr><\/tbody><\/table><\/figure>\n\n\n\n<h2 class=\"wp-block-heading\">50 Meter Endlauf &#8211; Jungen &#8211; Jahrgang: 2013<\/h2>\n\n\n\n<figure class=\"wp-block-table\"><table><tbody><tr><th>Platz<\/th><th>StartNr<\/th><th>Name<\/th><th>Schule<\/th><th>Leistung<\/th><\/tr><tr><td>1<\/td><td>80<\/td><td>Mgbor, Somadina Lennard<\/td><td>Heisenberg-Gymnasium<\/td><td>7,81 sek<\/td><\/tr><tr><td>2<\/td><td>99<\/td><td>Haas, Simon<\/td><td>Helmholtz-Gymnasium<\/td><td>7,93 sek<\/td><\/tr><tr><td>3<\/td><td>336<\/td><td>Baltasar, Benjamin<\/td><td>Walahfrid-Strabo-Gymnasium<\/td><td>7,95 sek<\/td><\/tr><\/tbody><\/table><\/figure>\n\n\n\n<figure class=\"wp-block-image size-full\"><img loading=\"lazy\" decoding=\"async\" width=\"1000\" height=\"600\" src=\"https:\/\/sparkassenstiftungen-ka.de\/jugendstiftung\/wp-content\/uploads\/sites\/2\/2024\/05\/Endlauf-50-Meter-Maedchen\u2013JG2013.webp\" alt=\"Endlauf 50-Meter M\u00e4dchen Jahrgang 2013\" class=\"wp-image-3485\" srcset=\"https:\/\/sparkassenstiftungen-ka.de\/jugendstiftung\/wp-content\/uploads\/sites\/2\/2024\/05\/Endlauf-50-Meter-Maedchen\u2013JG2013.webp 1000w, https:\/\/sparkassenstiftungen-ka.de\/jugendstiftung\/wp-content\/uploads\/sites\/2\/2024\/05\/Endlauf-50-Meter-Maedchen\u2013JG2013-300x180.webp 300w, https:\/\/sparkassenstiftungen-ka.de\/jugendstiftung\/wp-content\/uploads\/sites\/2\/2024\/05\/Endlauf-50-Meter-Maedchen\u2013JG2013-768x461.webp 768w\" sizes=\"auto, (max-width: 1000px) 100vw, 1000px\" \/><figcaption class=\"wp-element-caption\">Die drei Erstplatzierten des Endlaufs \u201e50-Meter M\u00e4dchen Jahrgang 2013\u201c durften aufs Treppchen und wurden mit Medaillen geehrt, aber auch die Pl\u00e4tze 4-8 wurden mit Urkunden gew\u00fcrdigt. Mit den Sportlerinnen freuen sich (v.l.n.r.) Daniel Melchien, Vorsitzender des Stadtjugendausschusses und Beirat der Jugendstiftung, Sparkassendirektor Marc Sesemann, J\u00f6rg Piel vom Zentrum f\u00fcr Schulqualit\u00e4t und Lehrerbildung, Regionalstelle Karlsruhe, sowie Patrick Scheef von der LG Region Karlsruhe.<\/figcaption><\/figure>\n\n\n\n<h2 class=\"wp-block-heading\">50 Meter Endlauf &#8211; M\u00e4dchen &#8211; Jahrgang: 2013<\/h2>\n\n\n\n<figure class=\"wp-block-table\"><table><tbody><tr><th>Platz<\/th><th>StartNr<\/th><th>Name<\/th><th>Schule<\/th><th>Leistung<\/th><\/tr><tr><td>1<\/td><td>198<\/td><td>Schwertner, Lara<\/td><td>Otto-Hahn-Gymnasium<\/td><td>8,17 sek<\/td><\/tr><tr><td>2<\/td><td>130<\/td><td>Ponzelar, Leah<\/td><td>Humboldt-Gymnasium<\/td><td>8,19 sek<\/td><\/tr><tr><td>3<\/td><td>397<\/td><td>Deger, Lena<\/td><td>Anne-Frank-Realschule Ettlingen<\/td><td>8,24 sek<\/td><\/tr><\/tbody><\/table><\/figure>\n\n\n\n<h2 class=\"wp-block-heading\">Mittelstrecke &#8211; Jungen &#8211; Jahrgang: 2013<\/h2>\n\n\n\n<figure class=\"wp-block-table\"><table><tbody><tr><th>Platz<\/th><th>StartNr<\/th><th>Name<\/th><th>Schule<\/th><th>Leistung<\/th><\/tr><tr><td>1<\/td><td>185<\/td><td>Corsmeier, Noah<\/td><td>Otto-Hahn-Gymnasium<\/td><td>2:42,83 min<\/td><\/tr><tr><td>2<\/td><td>173<\/td><td>Renon, Aaron<\/td><td>Max-Planck-Gymnasium<\/td><td>2:43,45 min<\/td><\/tr><tr><td>3<\/td><td>105<\/td><td>Marek, Theodor<\/td><td>Helmholtz-Gymnasium<\/td><td>2:46,56 min<\/td><\/tr><\/tbody><\/table><\/figure>\n\n\n\n<h2 class=\"wp-block-heading\">Mittelstrecke &#8211; M\u00e4dchen &#8211; Jahrgang: 2013<\/h2>\n\n\n\n<figure class=\"wp-block-table\"><table><tbody><tr><th>Platz<\/th><th>StartNr<\/th><th>Name<\/th><th>Schule<\/th><th>Leistung<\/th><\/tr><tr><td>1<\/td><td>198<\/td><td>Schwertner, Lara<\/td><td>Otto-Hahn-Gymnasium<\/td><td>2:58,89 min<\/td><\/tr><tr><td>2<\/td><td>112<\/td><td>Streck, Fenja<\/td><td>Helmholtz-Gymnasium<\/td><td>3:00,19 min<\/td><\/tr><tr><td>3<\/td><td>397<\/td><td>Deger, Lena<\/td><td>Anne-Frank-Realschule Ettlingen<\/td><td>3:04,98 min<\/td><\/tr><\/tbody><\/table><\/figure>\n\n\n\n<h2 class=\"wp-block-heading\">Weitsprung &#8211; Jungen &#8211; Jahrgang: 2012<\/h2>\n\n\n\n<figure class=\"wp-block-table\"><table><tbody><tr><th>Platz<\/th><th>StartNr<\/th><th>Name<\/th><th>Schule<\/th><th>Leistung<\/th><\/tr><tr><td>1<\/td><td>137<\/td><td>H\u00fcther, Theis<\/td><td>Markgrafen-Gymnasium<\/td><td>4,33 m<\/td><\/tr><tr><td>2<\/td><td>1<\/td><td>Baela, Rahem<\/td><td>Ernst-Reuter-Schule (GMS)<\/td><td>4,25 m<\/td><\/tr><tr><td>3<\/td><td>373<\/td><td>Saravanan, Sukkirth<\/td><td>Europ\u00e4ische Schule<\/td><td>3,88 m<\/td><\/tr><\/tbody><\/table><\/figure>\n\n\n\n<figure class=\"wp-block-image size-full\"><img loading=\"lazy\" decoding=\"async\" width=\"1000\" height=\"600\" src=\"https:\/\/sparkassenstiftungen-ka.de\/jugendstiftung\/wp-content\/uploads\/sites\/2\/2024\/05\/Weitsprung-maedchen-JG2012.webp\" alt=\"Weitsprung M\u00e4dchen Jahrgang 2012\" class=\"wp-image-3538\" srcset=\"https:\/\/sparkassenstiftungen-ka.de\/jugendstiftung\/wp-content\/uploads\/sites\/2\/2024\/05\/Weitsprung-maedchen-JG2012.webp 1000w, https:\/\/sparkassenstiftungen-ka.de\/jugendstiftung\/wp-content\/uploads\/sites\/2\/2024\/05\/Weitsprung-maedchen-JG2012-300x180.webp 300w, https:\/\/sparkassenstiftungen-ka.de\/jugendstiftung\/wp-content\/uploads\/sites\/2\/2024\/05\/Weitsprung-maedchen-JG2012-768x461.webp 768w\" sizes=\"auto, (max-width: 1000px) 100vw, 1000px\" \/><figcaption class=\"wp-element-caption\">Strahlende Gesichter gab es auch bei der Siegerehrung \u201eWeitsprung M\u00e4dchen Jahrgang 2012\u201c. Die Medaillen und Urkunden wurden \u00fcberreicht von (v.l.n.r.) Daniel Melchien, Sparkassendirektor Marc Sesemann und J\u00f6rg Piel.<\/figcaption><\/figure>\n\n\n\n<h2 class=\"wp-block-heading\">Weitsprung &#8211; M\u00e4dchen &#8211; Jahrgang: 2012<\/h2>\n\n\n\n<figure class=\"wp-block-table\"><table><tbody><tr><th>Platz<\/th><th>StartNr<\/th><th>Name<\/th><th>Schule<\/th><th>Leistung<\/th><\/tr><tr><td>1<\/td><td>183<\/td><td>Buchfink, Melina<\/td><td>Otto-Hahn-Gymnasium<\/td><td>4,17 m<\/td><\/tr><tr><td>2<\/td><td>16<\/td><td>Machauer, Amelie<\/td><td>Ernst-Reuter-Schule (GMS)<\/td><td>4,12 m<\/td><\/tr><tr><td>3<\/td><td>212<\/td><td>Kosover, Lea<\/td><td>St.-Dominikus-Gymnasium<\/td><td>3,94 m<\/td><\/tr><\/tbody><\/table><\/figure>\n\n\n\n<h2 class=\"wp-block-heading\">50 Meter Endlauf &#8211; Jungen &#8211; Jahrgang: 2012<\/h2>\n\n\n\n<figure class=\"wp-block-table\"><table><tbody><tr><th>Platz<\/th><th>StartNr<\/th><th>Name<\/th><th>Schule<\/th><th>Leistung<\/th><\/tr><tr><td>1<\/td><td>202<\/td><td>Th\u00fcrer, Felix<\/td><td>Otto-Hahn-Gymnasium<\/td><td>7,34 sek<\/td><\/tr><tr><td>2<\/td><td>195<\/td><td>Reisacher, Philipp<\/td><td>Otto-Hahn-Gymnasium<\/td><td>7,54 sek<\/td><\/tr><tr><td>3<\/td><td>142<\/td><td>Lehmann, Till<\/td><td>Markgrafen-Gymnasium<\/td><td>7,60 sek<\/td><\/tr><\/tbody><\/table><\/figure>\n\n\n\n<h2 class=\"wp-block-heading\">50 Meter Endlauf &#8211; M\u00e4dchen &#8211; Jahrgang: 2012<\/h2>\n\n\n\n<figure class=\"wp-block-table\"><table><tbody><tr><th>Platz<\/th><th>StartNr<\/th><th>Name<\/th><th>Schule<\/th><th>Leistung<\/th><\/tr><tr><td>1<\/td><td>36<\/td><td>Malchow, Wilma<\/td><td>Goethe-Gymnasium<\/td><td>7,81 sek<\/td><\/tr><tr><td>2<\/td><td>183<\/td><td>Buchfink, Melina<\/td><td>Otto-Hahn-Gymnasium<\/td><td>7,90 sek<\/td><\/tr><tr><td>3<\/td><td>79<\/td><td>Meglic, Maja<\/td><td>Heisenberg-Gymnasium<\/td><td>8,13 sek<\/td><\/tr><\/tbody><\/table><\/figure>\n\n\n\n<h2 class=\"wp-block-heading\">Mittelstrecke &#8211; Jungen &#8211; Jahrgang: 2012<\/h2>\n\n\n\n<figure class=\"wp-block-table\"><table><tbody><tr><th>Platz<\/th><th>StartNr<\/th><th>Name<\/th><th>Schule<\/th><th>Leistung<\/th><\/tr><tr><td>1<\/td><td>354<\/td><td>Schorb, Julian<\/td><td>Walahfrid-Strabo-Gymnasium<\/td><td>2:30,70 min<\/td><\/tr><tr><td>2<\/td><td>202<\/td><td>Th\u00fcrer, Felix<\/td><td>Otto-Hahn-Gymnasium<\/td><td>2:33,97 min<\/td><\/tr><tr><td>3<\/td><td>195<\/td><td>Reisacher, Philipp<\/td><td>Otto-Hahn-Gymnasium<\/td><td>2:36,40 min<\/td><\/tr><\/tbody><\/table><\/figure>\n\n\n\n<h2 class=\"wp-block-heading\">Mittelstrecke &#8211; M\u00e4dchen &#8211; Jahrgang: 2012<\/h2>\n\n\n\n<figure class=\"wp-block-table\"><table><tbody><tr><th>Platz<\/th><th>StartNr<\/th><th>Name<\/th><th>Schule<\/th><th>Leistung<\/th><\/tr><tr><td>1<\/td><td>196<\/td><td>Rosinel, Sade<\/td><td>Otto-Hahn-Gymnasium<\/td><td>2:44,82 min<\/td><\/tr><tr><td>2<\/td><td>186<\/td><td>Elmer, Lyn<\/td><td>Otto-Hahn-Gymnasium<\/td><td>2:47,17 min<\/td><\/tr><tr><td>3<\/td><td>212<\/td><td>Kosover, Lea<\/td><td>St.-Dominikus-Gymnasium<\/td><td>2:54,60 min<\/td><\/tr><\/tbody><\/table><\/figure>\n\n\n\n<h2 class=\"wp-block-heading\">Hochsprung &#8211; Jungen &#8211; Jahrgang: 2012<\/h2>\n\n\n\n<figure class=\"wp-block-table\"><table><tbody><tr><th>Platz<\/th><th>StartNr<\/th><th>Name<\/th><th>Schule<\/th><th>Leistung<\/th><\/tr><tr><td>1<\/td><td>156<\/td><td>Wieland, Tim<\/td><td>Markgrafen-Gymnasium<\/td><td>1,40 m<\/td><\/tr><tr><td>2<\/td><td>137<\/td><td>H\u00fcther, Theis<\/td><td>Markgrafen-Gymnasium<\/td><td>1,30 m<\/td><\/tr><tr><td>3<\/td><td>187<\/td><td>Gucul, Jeremia<\/td><td>Otto-Hahn-Gymnasium<\/td><td>1,25 m<\/td><\/tr><\/tbody><\/table><\/figure>\n\n\n\n<h2 class=\"wp-block-heading\">Hochsprung &#8211; M\u00e4dchen &#8211; Jahrgang: 2012<\/h2>\n\n\n\n<figure class=\"wp-block-table\"><table><tbody><tr><th>Platz<\/th><th>StartNr<\/th><th>Name<\/th><th>Schule<\/th><th>Leistung<\/th><\/tr><tr><td>1<\/td><td>192<\/td><td>Linker, Sophie<\/td><td>Otto-Hahn-Gymnasium<\/td><td>1,30 m<\/td><\/tr><tr><td>2<\/td><td>181<\/td><td>Bergheimer, Cara<\/td><td>Otto-Hahn-Gymnasium<\/td><td>1,25 m<\/td><\/tr><tr><td>3<\/td><td>36<\/td><td>Malchow, Wilma<\/td><td>Goethe-Gymnasium<\/td><td>1,20 m<\/td><\/tr><\/tbody><\/table><\/figure>\n\n\n\n<h2 class=\"wp-block-heading\">Weitsprung &#8211; Jungen &#8211; Jahrgang: 2011<\/h2>\n\n\n\n<figure class=\"wp-block-table\"><table><tbody><tr><th>Platz<\/th><th>StartNr<\/th><th>Name<\/th><th>Schule<\/th><th>Leistung<\/th><\/tr><tr><td>1<\/td><td>346<\/td><td>Kohlbeck, Julius<\/td><td>Walahfrid-Strabo-Gymnasium<\/td><td>4,30 m<\/td><\/tr><tr><td>2<\/td><td>94<\/td><td>B\u00fcrmann, Ole<\/td><td>Helmholtz-Gymnasium<\/td><td>4,30 m<\/td><\/tr><tr><td>3<\/td><td>260<\/td><td>Nyonse, Morell<\/td><td>Tulla-Realschule<\/td><td>4,25 m<\/td><\/tr><\/tbody><\/table><\/figure>\n\n\n\n<h2 class=\"wp-block-heading\">Weitsprung &#8211; M\u00e4dchen &#8211; Jahrgang: 2011<\/h2>\n\n\n\n<figure class=\"wp-block-table\"><table><tbody><tr><th>Platz<\/th><th>StartNr<\/th><th>Name<\/th><th>Schule<\/th><th>Leistung<\/th><\/tr><tr><td>1<\/td><td>216<\/td><td>Ndasse, Maikena<\/td><td>St.-Dominikus-Gymnasium<\/td><td>4,59 m<\/td><\/tr><tr><td>2<\/td><td>199<\/td><td>Steinbrunn, Viktoria<\/td><td>Otto-Hahn-Gymnasium<\/td><td>4,23 m<\/td><\/tr><tr><td>3<\/td><td>213<\/td><td>Link, Hannah<\/td><td>St.-Dominikus-Gymnasium<\/td><td>4,22 m<\/td><\/tr><\/tbody><\/table><\/figure>\n\n\n\n<figure class=\"wp-block-image size-full\"><img loading=\"lazy\" decoding=\"async\" width=\"1000\" height=\"600\" src=\"https:\/\/sparkassenstiftungen-ka.de\/jugendstiftung\/wp-content\/uploads\/sites\/2\/2024\/05\/Endlauf-50-Meter-Jungen-JG2011.webp\" alt=\"Endlauf 50-Meter Jungen Jahrgang 2011\" class=\"wp-image-3487\" srcset=\"https:\/\/sparkassenstiftungen-ka.de\/jugendstiftung\/wp-content\/uploads\/sites\/2\/2024\/05\/Endlauf-50-Meter-Jungen-JG2011.webp 1000w, https:\/\/sparkassenstiftungen-ka.de\/jugendstiftung\/wp-content\/uploads\/sites\/2\/2024\/05\/Endlauf-50-Meter-Jungen-JG2011-300x180.webp 300w, https:\/\/sparkassenstiftungen-ka.de\/jugendstiftung\/wp-content\/uploads\/sites\/2\/2024\/05\/Endlauf-50-Meter-Jungen-JG2011-768x461.webp 768w\" sizes=\"auto, (max-width: 1000px) 100vw, 1000px\" \/><figcaption class=\"wp-element-caption\">Ein besonderes Zeichen der Anerkennung war der Besuch von B\u00fcrgermeister Martin Lenz im Stadion (links au\u00dfen). Gemeinsam mit Sparkassendirektor Marc Sesemann (2.v.l.) und Daniel Melchien (rechts) hat er unter anderem die Bestplatzierten des \u201eEndlaufs 50-Meter Jungen Jahrgang 2011\u201c geehrt.<\/figcaption><\/figure>\n\n\n\n<h2 class=\"wp-block-heading\">50 Meter Endlauf &#8211; Jungen &#8211; Jahrgang: 2011<\/h2>\n\n\n\n<figure class=\"wp-block-table\"><table><tbody><tr><th>Platz<\/th><th>StartNr<\/th><th>Name<\/th><th>Schule<\/th><th>Leistung<\/th><\/tr><tr><td>1<\/td><td>131<\/td><td>Sagat, Berkay<\/td><td>Humboldt-Gymnasium<\/td><td>7,51 sek<\/td><\/tr><tr><td>2<\/td><td>359<\/td><td>Bukhanchenko, Viktor<\/td><td>Europ\u00e4ische Schule<\/td><td>7,55 sek<\/td><\/tr><tr><td>3<\/td><td>337<\/td><td>Becker, Leonard<\/td><td>Walahfrid-Strabo-Gymnasium<\/td><td>7,68 sek<\/td><\/tr><\/tbody><\/table><\/figure>\n\n\n\n<h2 class=\"wp-block-heading\">50 Meter Endlauf &#8211; M\u00e4dchen &#8211; Jahrgang: 2011<\/h2>\n\n\n\n<figure class=\"wp-block-table\"><table><tbody><tr><th>Platz<\/th><th>StartNr<\/th><th>Name<\/th><th>Schule<\/th><th>Leistung<\/th><\/tr><tr><td>1<\/td><td>213<\/td><td>Link, Hannah<\/td><td>St.-Dominikus-Gymnasium<\/td><td>7,17 sek<\/td><\/tr><tr><td>2<\/td><td>110<\/td><td>Scheffelmeier, Fannie<\/td><td>Helmholtz-Gymnasium<\/td><td>7,48 sek<\/td><\/tr><tr><td>3<\/td><td>182<\/td><td>B\u00f6lcskei, Laura<\/td><td>Otto-Hahn-Gymnasium<\/td><td>7,52 sek<\/td><\/tr><\/tbody><\/table><\/figure>\n\n\n\n<h2 class=\"wp-block-heading\">Mittelstrecke &#8211; Jungen &#8211; Jahrgang: 2011<\/h2>\n\n\n\n<figure class=\"wp-block-table\"><table><tbody><tr><th>Platz<\/th><th>StartNr<\/th><th>Name<\/th><th>Schule<\/th><th>Leistung<\/th><\/tr><tr><td>1<\/td><td>119<\/td><td>El Alot, Elias<\/td><td>Humboldt-Gymnasium<\/td><td>2:32,08 min<\/td><\/tr><tr><td>2<\/td><td>82<\/td><td>Papanikolaou, Kimon<\/td><td>Heisenberg-Gymnasium<\/td><td>2:33,25 min<\/td><\/tr><tr><td>3<\/td><td>180<\/td><td>Alferi, Johannes<\/td><td>Otto-Hahn-Gymnasium<\/td><td>2:33,35 min<\/td><\/tr><\/tbody><\/table><\/figure>\n\n\n\n<h2 class=\"wp-block-heading\">Mittelstrecke &#8211; M\u00e4dchen &#8211; Jahrgang: 2011<\/h2>\n\n\n\n<figure class=\"wp-block-table\"><table><tbody><tr><th>Platz<\/th><th>StartNr<\/th><th>Name<\/th><th>Schule<\/th><th>Leistung<\/th><\/tr><tr><td>1<\/td><td>71<\/td><td>Baudendistel, Liv<\/td><td>Heisenberg-Gymnasium<\/td><td>2:47,57 min<\/td><\/tr><tr><td>2<\/td><td>227<\/td><td>Wenzel, Helena<\/td><td>St.-Dominikus-Gymnasium<\/td><td>2:49,63 min<\/td><\/tr><tr><td>3<\/td><td>113<\/td><td>Tebbert, Meret<\/td><td>Helmholtz-Gymnasium<\/td><td>2:50,58 min<\/td><\/tr><\/tbody><\/table><\/figure>\n\n\n\n<h2 class=\"wp-block-heading\">Hochsprung &#8211; Jungen &#8211; Jahrgang: 2011<\/h2>\n\n\n\n<figure class=\"wp-block-table\"><table><tbody><tr><th>Platz<\/th><th>StartNr<\/th><th>Name<\/th><th>Schule<\/th><th>Leistung<\/th><\/tr><tr><td>1<\/td><td>172<\/td><td>M\u00fcller, Mats<\/td><td>Max-Planck-Gymnasium<\/td><td>1,35 m<\/td><\/tr><tr><td>2<\/td><td>170<\/td><td>Medart, Luca Veda<\/td><td>Max-Planck-Gymnasium<\/td><td>1,35 m<\/td><\/tr><tr><td>3<\/td><td>139<\/td><td>Karcher, Florian<\/td><td>Markgrafen-Gymnasium<\/td><td>1,35 m<\/td><\/tr><\/tbody><\/table><\/figure>\n\n\n\n<h2 class=\"wp-block-heading\">Hochsprung &#8211; M\u00e4dchen &#8211; Jahrgang: 2011<\/h2>\n\n\n\n<figure class=\"wp-block-table\"><table><tbody><tr><th>Platz<\/th><th>StartNr<\/th><th>Name<\/th><th>Schule<\/th><th>Leistung<\/th><\/tr><tr><td>1<\/td><td>227<\/td><td>Wenzel, Helena<\/td><td>St.-Dominikus-Gymnasium<\/td><td>1,45 m<\/td><\/tr><tr><td>2<\/td><td>218<\/td><td>Oppermann, Lucy<\/td><td>St.-Dominikus-Gymnasium<\/td><td>1,40 m<\/td><\/tr><tr><td>2<\/td><td>63<\/td><td>Jancic, Marie<\/td><td>Gymnasium Neureut<\/td><td>1,40 m<\/td><\/tr><\/tbody><\/table><\/figure>\n","protected":false},"excerpt":{"rendered":"<p>Medaillen f\u00fcr die Besten Es war ein Wagnis: die Sch\u00fcler-Leichtathletik-Meisterschaften erstmals im Freien! Doch die Jugendstiftung und die Leichtathletik-Gemeinschaft Region Karlsruhe wollten die vielen hoch &#8230; <a title=\"35. Sch\u00fcler-Leichtathletik-Meisterschaften 2024\" class=\"read-more\" href=\"https:\/\/sparkassenstiftungen-ka.de\/jugendstiftung\/sportfoerderung\/leichtathletik-meisterschaften\/35-schueler-leichtathletik-meisterschaften-2024\/\" aria-label=\"Mehr Informationen \u00fcber 35. Sch\u00fcler-Leichtathletik-Meisterschaften 2024\">Weiterlesen &#8230;<\/a><\/p>\n","protected":false},"author":2,"featured_media":3491,"comment_status":"closed","ping_status":"closed","sticky":false,"template":"","format":"standard","meta":{"footnotes":""},"categories":[16],"tags":[],"class_list":["post-3475","post","type-post","status-publish","format-standard","has-post-thumbnail","hentry","category-leichtathletik-meisterschaften","resize-featured-image"],"_links":{"self":[{"href":"https:\/\/sparkassenstiftungen-ka.de\/jugendstiftung\/wp-json\/wp\/v2\/posts\/3475","targetHints":{"allow":["GET"]}}],"collection":[{"href":"https:\/\/sparkassenstiftungen-ka.de\/jugendstiftung\/wp-json\/wp\/v2\/posts"}],"about":[{"href":"https:\/\/sparkassenstiftungen-ka.de\/jugendstiftung\/wp-json\/wp\/v2\/types\/post"}],"author":[{"embeddable":true,"href":"https:\/\/sparkassenstiftungen-ka.de\/jugendstiftung\/wp-json\/wp\/v2\/users\/2"}],"replies":[{"embeddable":true,"href":"https:\/\/sparkassenstiftungen-ka.de\/jugendstiftung\/wp-json\/wp\/v2\/comments?post=3475"}],"version-history":[{"count":11,"href":"https:\/\/sparkassenstiftungen-ka.de\/jugendstiftung\/wp-json\/wp\/v2\/posts\/3475\/revisions"}],"predecessor-version":[{"id":3539,"href":"https:\/\/sparkassenstiftungen-ka.de\/jugendstiftung\/wp-json\/wp\/v2\/posts\/3475\/revisions\/3539"}],"wp:featuredmedia":[{"embeddable":true,"href":"https:\/\/sparkassenstiftungen-ka.de\/jugendstiftung\/wp-json\/wp\/v2\/media\/3491"}],"wp:attachment":[{"href":"https:\/\/sparkassenstiftungen-ka.de\/jugendstiftung\/wp-json\/wp\/v2\/media?parent=3475"}],"wp:term":[{"taxonomy":"category","embeddable":true,"href":"https:\/\/sparkassenstiftungen-ka.de\/jugendstiftung\/wp-json\/wp\/v2\/categories?post=3475"},{"taxonomy":"post_tag","embeddable":true,"href":"https:\/\/sparkassenstiftungen-ka.de\/jugendstiftung\/wp-json\/wp\/v2\/tags?post=3475"}],"curies":[{"name":"wp","href":"https:\/\/api.w.org\/{rel}","templated":true}]}}