{"id":3337,"date":"2023-04-22T10:14:00","date_gmt":"2023-04-22T08:14:00","guid":{"rendered":"https:\/\/sparkassenstiftungen-ka.de\/jugendstiftung\/?p=3337"},"modified":"2024-03-21T19:09:02","modified_gmt":"2024-03-21T18:09:02","slug":"goetheschueler-feiern-filmpremiere","status":"publish","type":"post","link":"https:\/\/sparkassenstiftungen-ka.de\/jugendstiftung\/kreativitaet-musik\/film-vision-schul-contest\/goetheschueler-feiern-filmpremiere\/","title":{"rendered":"Goethesch\u00fcler feiern Filmpremiere"},"content":{"rendered":"\n<p>Den glanzvollen Abschluss des Film&amp;Vision Schul-Contests bildete auch in diesem Jahr die Premiere bei den Independent Days in der Schauburg.<\/p>\n\n\n\n<p>Nach einer vielversprechenden Kick-Off-Veranstaltung in der Sparkasse und einem spannenden Workshop unter der Leitung von Atilla Lifeson wartete im April schlie\u00dflich der \u201erote Teppich\u201c auf die Nachwuchs-Filmcrew der Klasse 9c des Goethe-Gymnasiums. Vor gro\u00dfem Publikum feierte ihr Kurzfilm \u201eNo Connection\u201c bei der Award Gala der Internationalen Filmfestspiele in der Schauburg seine erfolgreiche Premiere.<\/p>\n\n\n\n<p>Zum 10. Mal haben die Jugendstiftung der Sparkasse Karlsruhe und das Filmboard Karlsruhe den Filmwettbewerb veranstaltet und den Sch\u00fcler:innen ein einmaliges Erlebnis beschert, das ihnen neben jeder Menge Spa\u00df einen Einblick in alle Aufgabenbereiche einer Filmproduktion von der Idee bis zum fertigen Film bot.<\/p>\n\n\n\n<figure class=\"wp-block-image size-full\"><img loading=\"lazy\" decoding=\"async\" width=\"1920\" height=\"1280\" src=\"https:\/\/sparkassenstiftungen-ka.de\/jugendstiftung\/wp-content\/uploads\/sites\/2\/2023\/11\/Goetheschueler-feiern-Filmpremiere.jpg\" alt=\"Goethesch\u00fcler feiern Filmpremiere\" class=\"wp-image-3338\" srcset=\"https:\/\/sparkassenstiftungen-ka.de\/jugendstiftung\/wp-content\/uploads\/sites\/2\/2023\/11\/Goetheschueler-feiern-Filmpremiere.jpg 1920w, https:\/\/sparkassenstiftungen-ka.de\/jugendstiftung\/wp-content\/uploads\/sites\/2\/2023\/11\/Goetheschueler-feiern-Filmpremiere-300x200.jpg 300w, https:\/\/sparkassenstiftungen-ka.de\/jugendstiftung\/wp-content\/uploads\/sites\/2\/2023\/11\/Goetheschueler-feiern-Filmpremiere-1024x683.jpg 1024w, https:\/\/sparkassenstiftungen-ka.de\/jugendstiftung\/wp-content\/uploads\/sites\/2\/2023\/11\/Goetheschueler-feiern-Filmpremiere-768x512.jpg 768w, https:\/\/sparkassenstiftungen-ka.de\/jugendstiftung\/wp-content\/uploads\/sites\/2\/2023\/11\/Goetheschueler-feiern-Filmpremiere-1536x1024.jpg 1536w\" sizes=\"auto, (max-width: 1920px) 100vw, 1920px\" \/><figcaption class=\"wp-element-caption\">Sparkassendirektor Marc Sesemann, Dr. Oliver Langewitz, Vorstand des Filmboard Karlsruhe und Festivalleiter sowie der Filmemacher Atilla Lifeson freuen sich mit den Sch\u00fclerinnen und Sch\u00fclern der Klasse 9c und ihrer Lehrerin Clara Vossmann \u00fcber die erfolgreiche Filmpremiere (Foto: J\u00fcrgen R\u00f6sner)<\/figcaption><\/figure>\n","protected":false},"excerpt":{"rendered":"<p>Den glanzvollen Abschluss des Film&amp;Vision Schul-Contests bildete auch in diesem Jahr die Premiere bei den Independent Days in der Schauburg. Nach einer vielversprechenden Kick-Off-Veranstaltung in &#8230; <a title=\"Goethesch\u00fcler feiern Filmpremiere\" class=\"read-more\" href=\"https:\/\/sparkassenstiftungen-ka.de\/jugendstiftung\/kreativitaet-musik\/film-vision-schul-contest\/goetheschueler-feiern-filmpremiere\/\" aria-label=\"Mehr Informationen \u00fcber Goethesch\u00fcler feiern Filmpremiere\">Weiterlesen &#8230;<\/a><\/p>\n","protected":false},"author":2,"featured_media":3445,"comment_status":"closed","ping_status":"closed","sticky":false,"template":"","format":"standard","meta":{"footnotes":""},"categories":[6],"tags":[],"class_list":["post-3337","post","type-post","status-publish","format-standard","has-post-thumbnail","hentry","category-film-vision-schul-contest","resize-featured-image"],"_links":{"self":[{"href":"https:\/\/sparkassenstiftungen-ka.de\/jugendstiftung\/wp-json\/wp\/v2\/posts\/3337","targetHints":{"allow":["GET"]}}],"collection":[{"href":"https:\/\/sparkassenstiftungen-ka.de\/jugendstiftung\/wp-json\/wp\/v2\/posts"}],"about":[{"href":"https:\/\/sparkassenstiftungen-ka.de\/jugendstiftung\/wp-json\/wp\/v2\/types\/post"}],"author":[{"embeddable":true,"href":"https:\/\/sparkassenstiftungen-ka.de\/jugendstiftung\/wp-json\/wp\/v2\/users\/2"}],"replies":[{"embeddable":true,"href":"https:\/\/sparkassenstiftungen-ka.de\/jugendstiftung\/wp-json\/wp\/v2\/comments?post=3337"}],"version-history":[{"count":2,"href":"https:\/\/sparkassenstiftungen-ka.de\/jugendstiftung\/wp-json\/wp\/v2\/posts\/3337\/revisions"}],"predecessor-version":[{"id":3342,"href":"https:\/\/sparkassenstiftungen-ka.de\/jugendstiftung\/wp-json\/wp\/v2\/posts\/3337\/revisions\/3342"}],"wp:featuredmedia":[{"embeddable":true,"href":"https:\/\/sparkassenstiftungen-ka.de\/jugendstiftung\/wp-json\/wp\/v2\/media\/3445"}],"wp:attachment":[{"href":"https:\/\/sparkassenstiftungen-ka.de\/jugendstiftung\/wp-json\/wp\/v2\/media?parent=3337"}],"wp:term":[{"taxonomy":"category","embeddable":true,"href":"https:\/\/sparkassenstiftungen-ka.de\/jugendstiftung\/wp-json\/wp\/v2\/categories?post=3337"},{"taxonomy":"post_tag","embeddable":true,"href":"https:\/\/sparkassenstiftungen-ka.de\/jugendstiftung\/wp-json\/wp\/v2\/tags?post=3337"}],"curies":[{"name":"wp","href":"https:\/\/api.w.org\/{rel}","templated":true}]}}