{"id":3103,"date":"2022-07-09T18:22:00","date_gmt":"2022-07-09T16:22:00","guid":{"rendered":"https:\/\/sparkassenstiftungen-ka.de\/jugendstiftung\/?p=3103"},"modified":"2023-10-18T18:24:19","modified_gmt":"2023-10-18T16:24:19","slug":"gemeinsam-fuer-kinderrechte","status":"publish","type":"post","link":"https:\/\/sparkassenstiftungen-ka.de\/jugendstiftung\/soziales\/gemeinsam-fuer-kinderrechte\/","title":{"rendered":"Gemeinsam f\u00fcr Kinderrechte"},"content":{"rendered":"\n<p>Zum 17. Mal hat der Stadtjugendausschuss Karlsruhe (stja) am 9. und 10. Juli 2022 den \u201e24hLauf f\u00fcr Kinderrechte\u201c veranstaltet. Die Liste der eingereichten sozialen Projekte war lang und die 22 Teams hoch motiviert, m\u00f6glichst viele Runden zu schaffen.<\/p>\n\n\n\n<p>Am Ende haben sie fast 5.000 Kilometer auf dem Gel\u00e4nde der Turnerschaft M\u00fchlburg zur\u00fcckgelegt und \u00fcber 20.000 Euro erlaufen. Zehn soziale Projekte k\u00f6nnen damit realisiert werden.<\/p>\n\n\n\n<p>Die Jugendstiftung ist zwar nicht mitgelaufen, aber sie hat die Veranstaltung durch eine gro\u00dfz\u00fcgige finanzielle F\u00f6rderung unterst\u00fctzt und dazu beigetragen, dass der 24hLauf durchgef\u00fchrt werden konnte.<\/p>\n\n\n\n<p>Im Mittelpunkt des 24hLaufs stand in diesem Jahr erneut das Kinderrecht auf Ruhe und Freizeit, auf Spiel und altersgem\u00e4\u00dfe aktive Erholung sowie auf freie Teilnahme am kulturellen und k\u00fcnstlerischen Leben (Art. 31 der UN-Kinderrechtskonvention).<\/p>\n\n\n\n<figure class=\"wp-block-image size-large\"><img loading=\"lazy\" decoding=\"async\" width=\"1024\" height=\"677\" src=\"https:\/\/sparkassenstiftungen-ka.de\/jugendstiftung\/wp-content\/uploads\/sites\/2\/2023\/10\/Gemeinsam-fuer-Kinderrechte-1024x677.jpg\" alt=\"Gemeinsam f\u00fcr Kinderrechte\" class=\"wp-image-3104\" srcset=\"https:\/\/sparkassenstiftungen-ka.de\/jugendstiftung\/wp-content\/uploads\/sites\/2\/2023\/10\/Gemeinsam-fuer-Kinderrechte-1024x677.jpg 1024w, https:\/\/sparkassenstiftungen-ka.de\/jugendstiftung\/wp-content\/uploads\/sites\/2\/2023\/10\/Gemeinsam-fuer-Kinderrechte-300x198.jpg 300w, https:\/\/sparkassenstiftungen-ka.de\/jugendstiftung\/wp-content\/uploads\/sites\/2\/2023\/10\/Gemeinsam-fuer-Kinderrechte-768x508.jpg 768w, https:\/\/sparkassenstiftungen-ka.de\/jugendstiftung\/wp-content\/uploads\/sites\/2\/2023\/10\/Gemeinsam-fuer-Kinderrechte.jpg 1200w\" sizes=\"auto, (max-width: 1024px) 100vw, 1024px\" \/><figcaption class=\"wp-element-caption\">B\u00fcrgermeisterin Bettina Lisbach, Stiftungsgesch\u00e4ftsf\u00fchrer Thomas Rohr (li.) und Daniel Melchien, Gesch\u00e4ftsf\u00fchrer des stja freuen sich \u00fcber den gelungenen Start des 24hLaufs (Foto: stja)<\/figcaption><\/figure>\n","protected":false},"excerpt":{"rendered":"<p>Zum 17. Mal hat der Stadtjugendausschuss Karlsruhe (stja) am 9. und 10. Juli 2022 den \u201e24hLauf f\u00fcr Kinderrechte\u201c veranstaltet. Die Liste der eingereichten sozialen Projekte &#8230; <a title=\"Gemeinsam f\u00fcr Kinderrechte\" class=\"read-more\" href=\"https:\/\/sparkassenstiftungen-ka.de\/jugendstiftung\/soziales\/gemeinsam-fuer-kinderrechte\/\" aria-label=\"Mehr Informationen \u00fcber Gemeinsam f\u00fcr Kinderrechte\">Weiterlesen &#8230;<\/a><\/p>\n","protected":false},"author":2,"featured_media":3104,"comment_status":"closed","ping_status":"closed","sticky":false,"template":"","format":"standard","meta":{"footnotes":""},"categories":[12],"tags":[],"class_list":["post-3103","post","type-post","status-publish","format-standard","has-post-thumbnail","hentry","category-soziales","resize-featured-image"],"_links":{"self":[{"href":"https:\/\/sparkassenstiftungen-ka.de\/jugendstiftung\/wp-json\/wp\/v2\/posts\/3103","targetHints":{"allow":["GET"]}}],"collection":[{"href":"https:\/\/sparkassenstiftungen-ka.de\/jugendstiftung\/wp-json\/wp\/v2\/posts"}],"about":[{"href":"https:\/\/sparkassenstiftungen-ka.de\/jugendstiftung\/wp-json\/wp\/v2\/types\/post"}],"author":[{"embeddable":true,"href":"https:\/\/sparkassenstiftungen-ka.de\/jugendstiftung\/wp-json\/wp\/v2\/users\/2"}],"replies":[{"embeddable":true,"href":"https:\/\/sparkassenstiftungen-ka.de\/jugendstiftung\/wp-json\/wp\/v2\/comments?post=3103"}],"version-history":[{"count":1,"href":"https:\/\/sparkassenstiftungen-ka.de\/jugendstiftung\/wp-json\/wp\/v2\/posts\/3103\/revisions"}],"predecessor-version":[{"id":3105,"href":"https:\/\/sparkassenstiftungen-ka.de\/jugendstiftung\/wp-json\/wp\/v2\/posts\/3103\/revisions\/3105"}],"wp:featuredmedia":[{"embeddable":true,"href":"https:\/\/sparkassenstiftungen-ka.de\/jugendstiftung\/wp-json\/wp\/v2\/media\/3104"}],"wp:attachment":[{"href":"https:\/\/sparkassenstiftungen-ka.de\/jugendstiftung\/wp-json\/wp\/v2\/media?parent=3103"}],"wp:term":[{"taxonomy":"category","embeddable":true,"href":"https:\/\/sparkassenstiftungen-ka.de\/jugendstiftung\/wp-json\/wp\/v2\/categories?post=3103"},{"taxonomy":"post_tag","embeddable":true,"href":"https:\/\/sparkassenstiftungen-ka.de\/jugendstiftung\/wp-json\/wp\/v2\/tags?post=3103"}],"curies":[{"name":"wp","href":"https:\/\/api.w.org\/{rel}","templated":true}]}}