{"id":3081,"date":"2019-07-10T18:07:00","date_gmt":"2019-07-10T16:07:00","guid":{"rendered":"https:\/\/sparkassenstiftungen-ka.de\/jugendstiftung\/?p=3081"},"modified":"2023-10-18T18:08:25","modified_gmt":"2023-10-18T16:08:25","slug":"workshop-sing-bach-2019","status":"publish","type":"post","link":"https:\/\/sparkassenstiftungen-ka.de\/jugendstiftung\/kreativitaet-musik\/projektwoche-sing-bach\/workshop-sing-bach-2019\/","title":{"rendered":"Workshop \u201eSing Bach\u201c 2019"},"content":{"rendered":"\n<p><strong>Standing Ovations in der Kirche \u2013 das ist sicherlich nicht allt\u00e4glich. Doch bei \u201eSing Bach\u201c ist eben alles au\u00dfergew\u00f6hnlich.<\/strong><\/p>\n\n\n\n<p>Auch bei der neunten Auflage des Erfolgsprojekts ist es der Vokalp\u00e4dagogin Friedhilde Tr\u00fc\u00fcn wie von Zauberhand gelungen, 229 Kinder aus zw\u00f6lf 3. Klassen aus sieben Karlsruher Schulen zu einem gro\u00dfen Chor zu vereinen und mit ihnen zw\u00f6lf Lieder von Johann Sebastian Bach einzustudieren.<br>Eine Woche lang haben sie, in zwei Gruppen eingeteilt, Stimm\u00fcbungen gemacht, Atemtechniken ge\u00fcbt, Liedtexte gelernt und nat\u00fcrlich aus vollem Herzen gesungen.<br>Den Abschluss und H\u00f6hepunkt der Projektwoche bildete das festliche Konzert am 5. Juli 2019 in der Evangelischen Stadtkirche am Marktplatz in Karlsruhe.<br>Vor rund 1.000 G\u00e4sten haben die jungen S\u00e4ngerinnen und S\u00e4nger gezeigt, was sie gelernt haben und damit f\u00fcr Begeisterungsst\u00fcrme im Publikum gesorgt. Viel Lob f\u00fcr den Chor und alle Beteiligten gab es auch von Sparkassendirektor Thomas Schroff, dem stellvertretenden Vorstandsvorsitzenden der Sparkasse Karlsruhe, und Schulrat Frank Herm vom Staatlichen Schulamt Karlsruhe.<\/p>\n\n\n\n<p>Das Projekt wurde von der Jugendstiftung der Sparkasse Karlsruhe organisiert und von der Sparkassenstiftung GUTES TUN, Stifternetzwerk der Sparkasse Karlsruhe, finanziell gef\u00f6rdert. Kooperationspartner war erneut das Staatliche Schulamt Karlsruhe.<\/p>\n\n\n\n<p>Teilnehmende Schulen:<br>Eichelgartenschule, Grundschule am Wasserturm, Grundschule Beiertheim, Grundschule Hagsfeld, Hardtschule, Heinrich-K\u00f6hler-Schule, Schillerschule Karlsruhe<\/p>\n","protected":false},"excerpt":{"rendered":"<p>Standing Ovations in der Kirche \u2013 das ist sicherlich nicht allt\u00e4glich. Doch bei \u201eSing Bach\u201c ist eben alles au\u00dfergew\u00f6hnlich. Auch bei der neunten Auflage des &#8230; <a title=\"Workshop \u201eSing Bach\u201c 2019\" class=\"read-more\" href=\"https:\/\/sparkassenstiftungen-ka.de\/jugendstiftung\/kreativitaet-musik\/projektwoche-sing-bach\/workshop-sing-bach-2019\/\" aria-label=\"Mehr Informationen \u00fcber Workshop \u201eSing Bach\u201c 2019\">Weiterlesen &#8230;<\/a><\/p>\n","protected":false},"author":2,"featured_media":3082,"comment_status":"closed","ping_status":"closed","sticky":false,"template":"","format":"standard","meta":{"footnotes":""},"categories":[8],"tags":[],"class_list":["post-3081","post","type-post","status-publish","format-standard","has-post-thumbnail","hentry","category-projektwoche-sing-bach","resize-featured-image"],"_links":{"self":[{"href":"https:\/\/sparkassenstiftungen-ka.de\/jugendstiftung\/wp-json\/wp\/v2\/posts\/3081","targetHints":{"allow":["GET"]}}],"collection":[{"href":"https:\/\/sparkassenstiftungen-ka.de\/jugendstiftung\/wp-json\/wp\/v2\/posts"}],"about":[{"href":"https:\/\/sparkassenstiftungen-ka.de\/jugendstiftung\/wp-json\/wp\/v2\/types\/post"}],"author":[{"embeddable":true,"href":"https:\/\/sparkassenstiftungen-ka.de\/jugendstiftung\/wp-json\/wp\/v2\/users\/2"}],"replies":[{"embeddable":true,"href":"https:\/\/sparkassenstiftungen-ka.de\/jugendstiftung\/wp-json\/wp\/v2\/comments?post=3081"}],"version-history":[{"count":1,"href":"https:\/\/sparkassenstiftungen-ka.de\/jugendstiftung\/wp-json\/wp\/v2\/posts\/3081\/revisions"}],"predecessor-version":[{"id":3083,"href":"https:\/\/sparkassenstiftungen-ka.de\/jugendstiftung\/wp-json\/wp\/v2\/posts\/3081\/revisions\/3083"}],"wp:featuredmedia":[{"embeddable":true,"href":"https:\/\/sparkassenstiftungen-ka.de\/jugendstiftung\/wp-json\/wp\/v2\/media\/3082"}],"wp:attachment":[{"href":"https:\/\/sparkassenstiftungen-ka.de\/jugendstiftung\/wp-json\/wp\/v2\/media?parent=3081"}],"wp:term":[{"taxonomy":"category","embeddable":true,"href":"https:\/\/sparkassenstiftungen-ka.de\/jugendstiftung\/wp-json\/wp\/v2\/categories?post=3081"},{"taxonomy":"post_tag","embeddable":true,"href":"https:\/\/sparkassenstiftungen-ka.de\/jugendstiftung\/wp-json\/wp\/v2\/tags?post=3081"}],"curies":[{"name":"wp","href":"https:\/\/api.w.org\/{rel}","templated":true}]}}