{"id":3075,"date":"2019-05-12T18:02:00","date_gmt":"2019-05-12T16:02:00","guid":{"rendered":"https:\/\/sparkassenstiftungen-ka.de\/jugendstiftung\/?p=3075"},"modified":"2023-10-18T19:41:21","modified_gmt":"2023-10-18T17:41:21","slug":"ausstellung-kreativitaet-in-der-schule-mit-der-viktor-von-scheffel-schule","status":"publish","type":"post","link":"https:\/\/sparkassenstiftungen-ka.de\/jugendstiftung\/kreativitaet-musik\/kreativitaet-in-der-schule\/ausstellung-kreativitaet-in-der-schule-mit-der-viktor-von-scheffel-schule\/","title":{"rendered":"Ausstellung \u201eKreativit\u00e4t in der Schule\u201c mit der Viktor-von-Scheffel-Schule"},"content":{"rendered":"\n<p>\u201eMeine \u2013 deine \u2013 unsere Welt\u201c ist das Motto der 95. Ausstellung des Projekts \u201eKreativit\u00e4t in der Schule\u201c, die zurzeit in der Sparkassenfiliale Knielingen zu bestaunen ist. Und der Titel verspricht nicht zu viel. Farbenfrohe Sch\u00fclerarbeiten der Viktor-von-Scheffel-Schule entf\u00fchren den Betrachter zu den Fischen unter Wasser und hinauf in die Welt der V\u00f6gel; mit dem Elefanten Elmar geht`s in den Dschungel w\u00e4hrend sich im Ficus kleine Wasserm\u00e4nner tummeln und Gr\u00fcffelos T\u00fcren und Schr\u00e4nke bewachen. Nicht zu vergessen ein Hauch von Orient zwischen den phantastischen Architekturen von Hundertwasser und Petits fours aus bemaltem Ton. Die kreative Welt der Viktor-von-Scheffel-Schule scheint keine Grenzen zu kennen. Damit dies auch k\u00fcnftig so bleibt, hat Sparkassendirektor Lutz Boden einen Scheck \u00fcber 1.000 Euro an Rektorin Verena B\u00fcrger \u00fcberreicht.<br>Zu sehen ist die bunte Schau bis zum 22. Mai 2019.<\/p>\n\n\n\n<figure class=\"wp-block-image size-large\"><img loading=\"lazy\" decoding=\"async\" width=\"1024\" height=\"586\" src=\"https:\/\/sparkassenstiftungen-ka.de\/jugendstiftung\/wp-content\/uploads\/sites\/2\/2023\/10\/Kreativitaet_Knielingen_2019-1024x586.jpg\" alt=\"Kreativit\u00e4t in der Schule Knielingen 2019\" class=\"wp-image-3076\" srcset=\"https:\/\/sparkassenstiftungen-ka.de\/jugendstiftung\/wp-content\/uploads\/sites\/2\/2023\/10\/Kreativitaet_Knielingen_2019-1024x586.jpg 1024w, https:\/\/sparkassenstiftungen-ka.de\/jugendstiftung\/wp-content\/uploads\/sites\/2\/2023\/10\/Kreativitaet_Knielingen_2019-300x172.jpg 300w, https:\/\/sparkassenstiftungen-ka.de\/jugendstiftung\/wp-content\/uploads\/sites\/2\/2023\/10\/Kreativitaet_Knielingen_2019-768x440.jpg 768w, https:\/\/sparkassenstiftungen-ka.de\/jugendstiftung\/wp-content\/uploads\/sites\/2\/2023\/10\/Kreativitaet_Knielingen_2019.jpg 1200w\" sizes=\"auto, (max-width: 1024px) 100vw, 1024px\" \/><figcaption class=\"wp-element-caption\">Auch bei der 95. Veranstaltung sorgt die \u201eKreativit\u00e4t in der Schule\u201c f\u00fcr strahlende Gesichter: Mit den Kindern und Lehrerinnen freuen sich (v.r.n.l.) Sparkassendirektor Lutz Boden, Rektorin Verena B\u00fcrger, Filialleiterin Linda Schreiter und Schulamtsdirektorin Elke Rosenberg.<\/figcaption><\/figure>\n","protected":false},"excerpt":{"rendered":"<p>\u201eMeine \u2013 deine \u2013 unsere Welt\u201c ist das Motto der 95. Ausstellung des Projekts \u201eKreativit\u00e4t in der Schule\u201c, die zurzeit in der Sparkassenfiliale Knielingen zu &#8230; <a title=\"Ausstellung \u201eKreativit\u00e4t in der Schule\u201c mit der Viktor-von-Scheffel-Schule\" class=\"read-more\" href=\"https:\/\/sparkassenstiftungen-ka.de\/jugendstiftung\/kreativitaet-musik\/kreativitaet-in-der-schule\/ausstellung-kreativitaet-in-der-schule-mit-der-viktor-von-scheffel-schule\/\" aria-label=\"Mehr Informationen \u00fcber Ausstellung \u201eKreativit\u00e4t in der Schule\u201c mit der Viktor-von-Scheffel-Schule\">Weiterlesen &#8230;<\/a><\/p>\n","protected":false},"author":2,"featured_media":3076,"comment_status":"closed","ping_status":"closed","sticky":false,"template":"","format":"standard","meta":{"footnotes":""},"categories":[7],"tags":[],"class_list":["post-3075","post","type-post","status-publish","format-standard","has-post-thumbnail","hentry","category-kreativitaet-in-der-schule","resize-featured-image"],"_links":{"self":[{"href":"https:\/\/sparkassenstiftungen-ka.de\/jugendstiftung\/wp-json\/wp\/v2\/posts\/3075","targetHints":{"allow":["GET"]}}],"collection":[{"href":"https:\/\/sparkassenstiftungen-ka.de\/jugendstiftung\/wp-json\/wp\/v2\/posts"}],"about":[{"href":"https:\/\/sparkassenstiftungen-ka.de\/jugendstiftung\/wp-json\/wp\/v2\/types\/post"}],"author":[{"embeddable":true,"href":"https:\/\/sparkassenstiftungen-ka.de\/jugendstiftung\/wp-json\/wp\/v2\/users\/2"}],"replies":[{"embeddable":true,"href":"https:\/\/sparkassenstiftungen-ka.de\/jugendstiftung\/wp-json\/wp\/v2\/comments?post=3075"}],"version-history":[{"count":2,"href":"https:\/\/sparkassenstiftungen-ka.de\/jugendstiftung\/wp-json\/wp\/v2\/posts\/3075\/revisions"}],"predecessor-version":[{"id":3167,"href":"https:\/\/sparkassenstiftungen-ka.de\/jugendstiftung\/wp-json\/wp\/v2\/posts\/3075\/revisions\/3167"}],"wp:featuredmedia":[{"embeddable":true,"href":"https:\/\/sparkassenstiftungen-ka.de\/jugendstiftung\/wp-json\/wp\/v2\/media\/3076"}],"wp:attachment":[{"href":"https:\/\/sparkassenstiftungen-ka.de\/jugendstiftung\/wp-json\/wp\/v2\/media?parent=3075"}],"wp:term":[{"taxonomy":"category","embeddable":true,"href":"https:\/\/sparkassenstiftungen-ka.de\/jugendstiftung\/wp-json\/wp\/v2\/categories?post=3075"},{"taxonomy":"post_tag","embeddable":true,"href":"https:\/\/sparkassenstiftungen-ka.de\/jugendstiftung\/wp-json\/wp\/v2\/tags?post=3075"}],"curies":[{"name":"wp","href":"https:\/\/api.w.org\/{rel}","templated":true}]}}