{"id":3072,"date":"2020-02-03T17:52:00","date_gmt":"2020-02-03T16:52:00","guid":{"rendered":"https:\/\/sparkassenstiftungen-ka.de\/jugendstiftung\/?p=3072"},"modified":"2023-10-18T17:54:42","modified_gmt":"2023-10-18T15:54:42","slug":"filmvision-schul-contest-2","status":"publish","type":"post","link":"https:\/\/sparkassenstiftungen-ka.de\/jugendstiftung\/kreativitaet-musik\/film-vision-schul-contest\/filmvision-schul-contest-2\/","title":{"rendered":"Film&amp;Vision Schul-Contest"},"content":{"rendered":"\n<p>\u201eDie R\u00fcckkehr des Akscheyen\u201c ist der Arbeitstitel des Kurzfilms, den die Sch\u00fcler*innen des Helmholtz-Gymnasiums in den kommenden Wochen realisieren werden. Unter der professionellen Leitung des Filmemachers Attila Lifeson wird die Geschichte des kleinen Akscheyen, der mit einer Zeitmaschine ins Jahr 2222 reist, in einem Genremix aus Drama, Abenteuer, Action, Thriller und Science Fiction auf die Leinwand gebannt.<\/p>\n\n\n\n<p>Bis zur Premiere im Rahmen der Award Gala der Independent Days ist viel Disziplin und ebenso viel Kreativit\u00e4t gefordert. Denn vom Drehbuch bis zum Schnitt d\u00fcrfen die Sch\u00fcler*innen alle Stationen des Filmemachens durchlaufen. Und wie bereits beim Kick-off werden sie auch weiterhin diese einmalige Chance nutzen und die Begegnung mit der Welt des Films in vollen Z\u00fcgen auskosten.<br>Denn am Ende winken als Belohnung ein eigener Kinofilm vor gro\u00dfem Publikum, ein roter Teppich und eine filmreife Treppe bei der Premiere in der Schauburg am 4. April 2020.<\/p>\n\n\n\n<figure class=\"wp-block-image size-large\"><img loading=\"lazy\" decoding=\"async\" width=\"1024\" height=\"571\" src=\"https:\/\/sparkassenstiftungen-ka.de\/jugendstiftung\/wp-content\/uploads\/sites\/2\/2023\/10\/Sparkassen_Filmworkshop_Gruppenbild-1024x571.jpg\" alt=\"9. Film&amp;Vision Schul-Contest\" class=\"wp-image-3073\" srcset=\"https:\/\/sparkassenstiftungen-ka.de\/jugendstiftung\/wp-content\/uploads\/sites\/2\/2023\/10\/Sparkassen_Filmworkshop_Gruppenbild-1024x571.jpg 1024w, https:\/\/sparkassenstiftungen-ka.de\/jugendstiftung\/wp-content\/uploads\/sites\/2\/2023\/10\/Sparkassen_Filmworkshop_Gruppenbild-300x167.jpg 300w, https:\/\/sparkassenstiftungen-ka.de\/jugendstiftung\/wp-content\/uploads\/sites\/2\/2023\/10\/Sparkassen_Filmworkshop_Gruppenbild-768x428.jpg 768w, https:\/\/sparkassenstiftungen-ka.de\/jugendstiftung\/wp-content\/uploads\/sites\/2\/2023\/10\/Sparkassen_Filmworkshop_Gruppenbild.jpg 1200w\" sizes=\"auto, (max-width: 1024px) 100vw, 1024px\" \/><figcaption class=\"wp-element-caption\">Mit der Kick-off-Veranstaltung am 16. Januar 2020 in der Sparkasse ging der 9. Film&amp;Vision Schul-Contest in die Umsetzungsphase: Sparkassendirektor Marc Sesemann, Gisela von Renteln, Gesch\u00e4ftsf\u00fchrerin der Jugendstiftung, Dr. Oliver Langewitz, Vorstand des Filmboard Karlsruhe und Filmemacher Attila Lifeson freuen sich mit den Sch\u00fcler*innen des Helmholtz-Gymnasiums sowie Schulleiterin Sarah Lumpp und Lehrerin Nadine Fuchs.<\/figcaption><\/figure>\n","protected":false},"excerpt":{"rendered":"<p>\u201eDie R\u00fcckkehr des Akscheyen\u201c ist der Arbeitstitel des Kurzfilms, den die Sch\u00fcler*innen des Helmholtz-Gymnasiums in den kommenden Wochen realisieren werden. Unter der professionellen Leitung des &#8230; <a title=\"Film&amp;Vision Schul-Contest\" class=\"read-more\" href=\"https:\/\/sparkassenstiftungen-ka.de\/jugendstiftung\/kreativitaet-musik\/film-vision-schul-contest\/filmvision-schul-contest-2\/\" aria-label=\"Mehr Informationen \u00fcber Film&amp;Vision Schul-Contest\">Weiterlesen &#8230;<\/a><\/p>\n","protected":false},"author":2,"featured_media":3073,"comment_status":"closed","ping_status":"closed","sticky":false,"template":"","format":"standard","meta":{"footnotes":""},"categories":[6],"tags":[],"class_list":["post-3072","post","type-post","status-publish","format-standard","has-post-thumbnail","hentry","category-film-vision-schul-contest","resize-featured-image"],"_links":{"self":[{"href":"https:\/\/sparkassenstiftungen-ka.de\/jugendstiftung\/wp-json\/wp\/v2\/posts\/3072","targetHints":{"allow":["GET"]}}],"collection":[{"href":"https:\/\/sparkassenstiftungen-ka.de\/jugendstiftung\/wp-json\/wp\/v2\/posts"}],"about":[{"href":"https:\/\/sparkassenstiftungen-ka.de\/jugendstiftung\/wp-json\/wp\/v2\/types\/post"}],"author":[{"embeddable":true,"href":"https:\/\/sparkassenstiftungen-ka.de\/jugendstiftung\/wp-json\/wp\/v2\/users\/2"}],"replies":[{"embeddable":true,"href":"https:\/\/sparkassenstiftungen-ka.de\/jugendstiftung\/wp-json\/wp\/v2\/comments?post=3072"}],"version-history":[{"count":1,"href":"https:\/\/sparkassenstiftungen-ka.de\/jugendstiftung\/wp-json\/wp\/v2\/posts\/3072\/revisions"}],"predecessor-version":[{"id":3074,"href":"https:\/\/sparkassenstiftungen-ka.de\/jugendstiftung\/wp-json\/wp\/v2\/posts\/3072\/revisions\/3074"}],"wp:featuredmedia":[{"embeddable":true,"href":"https:\/\/sparkassenstiftungen-ka.de\/jugendstiftung\/wp-json\/wp\/v2\/media\/3073"}],"wp:attachment":[{"href":"https:\/\/sparkassenstiftungen-ka.de\/jugendstiftung\/wp-json\/wp\/v2\/media?parent=3072"}],"wp:term":[{"taxonomy":"category","embeddable":true,"href":"https:\/\/sparkassenstiftungen-ka.de\/jugendstiftung\/wp-json\/wp\/v2\/categories?post=3072"},{"taxonomy":"post_tag","embeddable":true,"href":"https:\/\/sparkassenstiftungen-ka.de\/jugendstiftung\/wp-json\/wp\/v2\/tags?post=3072"}],"curies":[{"name":"wp","href":"https:\/\/api.w.org\/{rel}","templated":true}]}}