{"id":3059,"date":"2019-11-08T17:43:00","date_gmt":"2019-11-08T16:43:00","guid":{"rendered":"https:\/\/sparkassenstiftungen-ka.de\/jugendstiftung\/?p=3059"},"modified":"2023-10-18T19:41:03","modified_gmt":"2023-10-18T17:41:03","slug":"lesung-und-autorengespraech-mit-hans-ulrich-treichel","status":"publish","type":"post","link":"https:\/\/sparkassenstiftungen-ka.de\/jugendstiftung\/kreativitaet-musik\/lesung-autorengespraech\/lesung-und-autorengespraech-mit-hans-ulrich-treichel\/","title":{"rendered":"Lesung und Autorengespr\u00e4ch mit Hans-Ulrich Treichel"},"content":{"rendered":"\n<p>Die Erz\u00e4hlung \u201eDer Verlorene\u201c von Hans-Ulrich Treichel wird ab dem Abitur 2021 zur Abiturpflichtlekt\u00fcre geh\u00f6ren. F\u00fcr rund 200 Sch\u00fcler<em>innen <\/em>der gymnasialen Kursstufe wird dies eine ganz besondere Wiederbegegnung sein. Denn sie durften den vielfach preisgekr\u00f6nten Autor pers\u00f6nlich kennenlernen. Die M\u00f6glichkeit dazu bot ihnen die Lesung mit Autorengespr\u00e4ch, welche die Jugendstiftung der Sparkasse Karlsruhe in Kooperation mit dem Regierungspr\u00e4sidium Karlsruhe veranstaltete. 200 Sch\u00fclerinnen aus sieben Gymnasien aus dem Gesch\u00e4ftsgebiet der Sparkasse Karlsruhe haben an der exklusiven Veranstaltung am 23. Oktober 2019 im Hans-Meidinger-Saal teilgenommen.<\/p>\n\n\n\n<p>Die Jugendstiftung hat damit die Reihe ihrer Oberstufenmatineen wieder aufgegriffen, bei der bisher u.a. Wilhelm Genazino und Peter Stamm zu Gast waren.<\/p>\n\n\n\n<figure class=\"wp-block-image size-large\"><img loading=\"lazy\" decoding=\"async\" width=\"1024\" height=\"635\" src=\"https:\/\/sparkassenstiftungen-ka.de\/jugendstiftung\/wp-content\/uploads\/sites\/2\/2023\/10\/oberstufenmatinee-1024x635.jpg\" alt=\"Oberstufenmatinee\" class=\"wp-image-3060\" srcset=\"https:\/\/sparkassenstiftungen-ka.de\/jugendstiftung\/wp-content\/uploads\/sites\/2\/2023\/10\/oberstufenmatinee-1024x635.jpg 1024w, https:\/\/sparkassenstiftungen-ka.de\/jugendstiftung\/wp-content\/uploads\/sites\/2\/2023\/10\/oberstufenmatinee-300x186.jpg 300w, https:\/\/sparkassenstiftungen-ka.de\/jugendstiftung\/wp-content\/uploads\/sites\/2\/2023\/10\/oberstufenmatinee-768x476.jpg 768w, https:\/\/sparkassenstiftungen-ka.de\/jugendstiftung\/wp-content\/uploads\/sites\/2\/2023\/10\/oberstufenmatinee.jpg 1200w\" sizes=\"auto, (max-width: 1024px) 100vw, 1024px\" \/><figcaption class=\"wp-element-caption\">Hans-Ulrich Treichel hat die Sch\u00fcler*innen mit seiner Erz\u00e4hlung \u201eDer Verlorene\u201c ebenso beeindruckt wie mit seiner Pers\u00f6nlichkeit.<\/figcaption><\/figure>\n","protected":false},"excerpt":{"rendered":"<p>Die Erz\u00e4hlung \u201eDer Verlorene\u201c von Hans-Ulrich Treichel wird ab dem Abitur 2021 zur Abiturpflichtlekt\u00fcre geh\u00f6ren. F\u00fcr rund 200 Sch\u00fclerinnen der gymnasialen Kursstufe wird dies eine &#8230; <a title=\"Lesung und Autorengespr\u00e4ch mit Hans-Ulrich Treichel\" class=\"read-more\" href=\"https:\/\/sparkassenstiftungen-ka.de\/jugendstiftung\/kreativitaet-musik\/lesung-autorengespraech\/lesung-und-autorengespraech-mit-hans-ulrich-treichel\/\" aria-label=\"Mehr Informationen \u00fcber Lesung und Autorengespr\u00e4ch mit Hans-Ulrich Treichel\">Weiterlesen &#8230;<\/a><\/p>\n","protected":false},"author":2,"featured_media":3060,"comment_status":"closed","ping_status":"closed","sticky":false,"template":"","format":"standard","meta":{"footnotes":""},"categories":[4],"tags":[],"class_list":["post-3059","post","type-post","status-publish","format-standard","has-post-thumbnail","hentry","category-lesung-autorengespraech","resize-featured-image"],"_links":{"self":[{"href":"https:\/\/sparkassenstiftungen-ka.de\/jugendstiftung\/wp-json\/wp\/v2\/posts\/3059","targetHints":{"allow":["GET"]}}],"collection":[{"href":"https:\/\/sparkassenstiftungen-ka.de\/jugendstiftung\/wp-json\/wp\/v2\/posts"}],"about":[{"href":"https:\/\/sparkassenstiftungen-ka.de\/jugendstiftung\/wp-json\/wp\/v2\/types\/post"}],"author":[{"embeddable":true,"href":"https:\/\/sparkassenstiftungen-ka.de\/jugendstiftung\/wp-json\/wp\/v2\/users\/2"}],"replies":[{"embeddable":true,"href":"https:\/\/sparkassenstiftungen-ka.de\/jugendstiftung\/wp-json\/wp\/v2\/comments?post=3059"}],"version-history":[{"count":2,"href":"https:\/\/sparkassenstiftungen-ka.de\/jugendstiftung\/wp-json\/wp\/v2\/posts\/3059\/revisions"}],"predecessor-version":[{"id":3164,"href":"https:\/\/sparkassenstiftungen-ka.de\/jugendstiftung\/wp-json\/wp\/v2\/posts\/3059\/revisions\/3164"}],"wp:featuredmedia":[{"embeddable":true,"href":"https:\/\/sparkassenstiftungen-ka.de\/jugendstiftung\/wp-json\/wp\/v2\/media\/3060"}],"wp:attachment":[{"href":"https:\/\/sparkassenstiftungen-ka.de\/jugendstiftung\/wp-json\/wp\/v2\/media?parent=3059"}],"wp:term":[{"taxonomy":"category","embeddable":true,"href":"https:\/\/sparkassenstiftungen-ka.de\/jugendstiftung\/wp-json\/wp\/v2\/categories?post=3059"},{"taxonomy":"post_tag","embeddable":true,"href":"https:\/\/sparkassenstiftungen-ka.de\/jugendstiftung\/wp-json\/wp\/v2\/tags?post=3059"}],"curies":[{"name":"wp","href":"https:\/\/api.w.org\/{rel}","templated":true}]}}