{"id":3056,"date":"2021-12-14T17:41:00","date_gmt":"2021-12-14T16:41:00","guid":{"rendered":"https:\/\/sparkassenstiftungen-ka.de\/jugendstiftung\/?p=3056"},"modified":"2023-10-18T17:42:35","modified_gmt":"2023-10-18T15:42:35","slug":"was-lange-waehrt","status":"publish","type":"post","link":"https:\/\/sparkassenstiftungen-ka.de\/jugendstiftung\/kreativitaet-musik\/was-lange-waehrt\/","title":{"rendered":"Was lange w\u00e4hrt \u2026"},"content":{"rendered":"\n<p>Es war ein buntes F\u00fcllhorn, das der designierte Gesch\u00e4ftsf\u00fchrer der Jugendstiftung Thomas Rohr gemeinsam mit Sparkassenfilialleiter Martin Prakesch am 25. Oktober 2021 im Hof des Markgrafengymnasiums Durlach \u201eausgesch\u00fcttet\u201c hat.<\/p>\n\n\n\n<p>Schon vor Ausbruch der Corona-Pandemie hat die Jugendstiftung die Mediothek des MGG finanziell unterst\u00fctzt und die Anschaffung einer langen Liste von B\u00fcchern erm\u00f6glicht, die von franz\u00f6sischer Grammatik bis hin zum \u201eHobbit\u201c in englischer Sprache reichen.<\/p>\n\n\n\n<p>Die zweite H\u00e4lfte des Spendenf\u00fcllhorns galt der Musik am Markgrafengymnasium.<\/p>\n\n\n\n<p>Ein Keyboard f\u00fcr das Kammerorchester und Cajons f\u00fcr die Big Band konnten dank der F\u00f6rderung durch die Jugendstiftung angekauft werden. Zum Einsatz kamen sie aufgrund der Corona-Beschr\u00e4nkungen bisher jedoch kaum. Eine kleine, aber feine musikalische Kostprobe durften die neuen Instrumente beim Auftritt des Kammermusikensembles liefern, das die offizielle \u00dcbergabe umrahmte.<\/p>\n\n\n\n<p>F\u00fcr Schulleiter Joachim Inhoff und Ute B\u00fchler von der F\u00f6rdergemeinschaft des MGG war diese kleine Feier eine Herzensangelegenheit. Sie wollten sich offiziell f\u00fcr die Spende von insgesamt 1000 Euro bedanken und den Vertretern der Jugendstiftung und der Sparkasse zugleich vorf\u00fchren, wie viel Freude die neuen Musikinstrumente und B\u00fccher bereiten.<\/p>\n","protected":false},"excerpt":{"rendered":"<p>Es war ein buntes F\u00fcllhorn, das der designierte Gesch\u00e4ftsf\u00fchrer der Jugendstiftung Thomas Rohr gemeinsam mit Sparkassenfilialleiter Martin Prakesch am 25. Oktober 2021 im Hof des &#8230; <a title=\"Was lange w\u00e4hrt \u2026\" class=\"read-more\" href=\"https:\/\/sparkassenstiftungen-ka.de\/jugendstiftung\/kreativitaet-musik\/was-lange-waehrt\/\" aria-label=\"Mehr Informationen \u00fcber Was lange w\u00e4hrt \u2026\">Weiterlesen &#8230;<\/a><\/p>\n","protected":false},"author":2,"featured_media":3057,"comment_status":"closed","ping_status":"closed","sticky":false,"template":"","format":"standard","meta":{"footnotes":""},"categories":[3],"tags":[],"class_list":["post-3056","post","type-post","status-publish","format-standard","has-post-thumbnail","hentry","category-kreativitaet-musik","resize-featured-image"],"_links":{"self":[{"href":"https:\/\/sparkassenstiftungen-ka.de\/jugendstiftung\/wp-json\/wp\/v2\/posts\/3056","targetHints":{"allow":["GET"]}}],"collection":[{"href":"https:\/\/sparkassenstiftungen-ka.de\/jugendstiftung\/wp-json\/wp\/v2\/posts"}],"about":[{"href":"https:\/\/sparkassenstiftungen-ka.de\/jugendstiftung\/wp-json\/wp\/v2\/types\/post"}],"author":[{"embeddable":true,"href":"https:\/\/sparkassenstiftungen-ka.de\/jugendstiftung\/wp-json\/wp\/v2\/users\/2"}],"replies":[{"embeddable":true,"href":"https:\/\/sparkassenstiftungen-ka.de\/jugendstiftung\/wp-json\/wp\/v2\/comments?post=3056"}],"version-history":[{"count":1,"href":"https:\/\/sparkassenstiftungen-ka.de\/jugendstiftung\/wp-json\/wp\/v2\/posts\/3056\/revisions"}],"predecessor-version":[{"id":3058,"href":"https:\/\/sparkassenstiftungen-ka.de\/jugendstiftung\/wp-json\/wp\/v2\/posts\/3056\/revisions\/3058"}],"wp:featuredmedia":[{"embeddable":true,"href":"https:\/\/sparkassenstiftungen-ka.de\/jugendstiftung\/wp-json\/wp\/v2\/media\/3057"}],"wp:attachment":[{"href":"https:\/\/sparkassenstiftungen-ka.de\/jugendstiftung\/wp-json\/wp\/v2\/media?parent=3056"}],"wp:term":[{"taxonomy":"category","embeddable":true,"href":"https:\/\/sparkassenstiftungen-ka.de\/jugendstiftung\/wp-json\/wp\/v2\/categories?post=3056"},{"taxonomy":"post_tag","embeddable":true,"href":"https:\/\/sparkassenstiftungen-ka.de\/jugendstiftung\/wp-json\/wp\/v2\/tags?post=3056"}],"curies":[{"name":"wp","href":"https:\/\/api.w.org\/{rel}","templated":true}]}}