{"id":3052,"date":"2022-04-07T17:38:00","date_gmt":"2022-04-07T15:38:00","guid":{"rendered":"https:\/\/sparkassenstiftungen-ka.de\/jugendstiftung\/?p=3052"},"modified":"2023-10-18T19:40:34","modified_gmt":"2023-10-18T17:40:34","slug":"kreativitaet-in-allen-facetten","status":"publish","type":"post","link":"https:\/\/sparkassenstiftungen-ka.de\/jugendstiftung\/kreativitaet-musik\/kreativitaet-in-allen-facetten\/","title":{"rendered":"Kreativit\u00e4t in allen Facetten"},"content":{"rendered":"\n<p>Dass die Anne-Frank-Realsch\u00fcler*innen \u00e4u\u00dferst kreativ sind, haben sie schon oft bewiesen. So etwa im Dezember mit der Gestaltung des Adventskalenders an der Ettlinger Schlossfassade, der durch die Kulturstiftung der Sparkasse Karlsruhe gef\u00f6rdert wurde.<\/p>\n\n\n\n<p>Aber auch der Blick auf die Homepage der Schule lohnt sich. Denn dort wird regelm\u00e4\u00dfig das \u201eKunstwerk des Monats\u201c pr\u00e4sentiert. Diesen begehrten Ausstellungsplatz zu erobern, ist auch das Ziel der Neuntkl\u00e4ssler, die in einem neuen Unterrichtsprojekt auf Leinw\u00e4nden arbeiten d\u00fcrfen.<\/p>\n\n\n\n<p>Erste Ideen und Skizzen lassen erahnen, dass sich die wei\u00dfen Leinw\u00e4nde schon bald in farbenfrohe Kunstwerke verwandeln werden.<\/p>\n\n\n\n<p>Erm\u00f6glicht wurde die Anschaffung der 30 Leinw\u00e4nde durch eine Spende der Jugendstiftung.<\/p>\n\n\n\n<p>Gesch\u00e4ftsf\u00fchrer Thomas Rohr hat den symbolischen Spendenscheck gemeinsam mit dem stellvertretenden Regionaldirektor der Sparkasse, Andreas Lammering, \u00fcbergeben.<\/p>\n\n\n\n<p>Rektorin Claudia R\u00f6diger und Kunstlehrerin Katja Boebel haben sich mit den Sch\u00fcler*innen \u00fcber die erneute F\u00f6rderung gefreut.<\/p>\n\n\n\n<p>Die Kreativit\u00e4t der AFR beschr\u00e4nkt sich jedoch nicht auf die Bildende Kunst. Zur Begr\u00fc\u00dfung der G\u00e4ste trug die Klasse 5c den \u201eCupsong\u201c vor, ein englischsprachiges Lied, das durch Klopfen mit bunten Bechern begleitet wurde.<\/p>\n\n\n\n<figure class=\"wp-block-image size-full\"><img loading=\"lazy\" decoding=\"async\" width=\"1000\" height=\"600\" src=\"https:\/\/sparkassenstiftungen-ka.de\/jugendstiftung\/wp-content\/uploads\/sites\/2\/2023\/10\/Kreativitaet-in-allen-Facetten-Scheck.jpg\" alt=\"Kreativit\u00e4t in allen Facetten\" class=\"wp-image-3053\" srcset=\"https:\/\/sparkassenstiftungen-ka.de\/jugendstiftung\/wp-content\/uploads\/sites\/2\/2023\/10\/Kreativitaet-in-allen-Facetten-Scheck.jpg 1000w, https:\/\/sparkassenstiftungen-ka.de\/jugendstiftung\/wp-content\/uploads\/sites\/2\/2023\/10\/Kreativitaet-in-allen-Facetten-Scheck-300x180.jpg 300w, https:\/\/sparkassenstiftungen-ka.de\/jugendstiftung\/wp-content\/uploads\/sites\/2\/2023\/10\/Kreativitaet-in-allen-Facetten-Scheck-768x461.jpg 768w\" sizes=\"auto, (max-width: 1000px) 100vw, 1000px\" \/><figcaption class=\"wp-element-caption\">Gesch\u00e4ftsf\u00fchrer Thomas Rohr (re.) und stv. Regionaldirektor Andreas Lammering (li.) freuen sich mit den Klassensprechern \u00fcber die Spende (Foto: Claudia R\u00f6diger)<\/figcaption><\/figure>\n","protected":false},"excerpt":{"rendered":"<p>Dass die Anne-Frank-Realsch\u00fcler*innen \u00e4u\u00dferst kreativ sind, haben sie schon oft bewiesen. So etwa im Dezember mit der Gestaltung des Adventskalenders an der Ettlinger Schlossfassade, der &#8230; <a title=\"Kreativit\u00e4t in allen Facetten\" class=\"read-more\" href=\"https:\/\/sparkassenstiftungen-ka.de\/jugendstiftung\/kreativitaet-musik\/kreativitaet-in-allen-facetten\/\" aria-label=\"Mehr Informationen \u00fcber Kreativit\u00e4t in allen Facetten\">Weiterlesen &#8230;<\/a><\/p>\n","protected":false},"author":2,"featured_media":3054,"comment_status":"closed","ping_status":"closed","sticky":false,"template":"","format":"standard","meta":{"footnotes":""},"categories":[3],"tags":[],"class_list":["post-3052","post","type-post","status-publish","format-standard","has-post-thumbnail","hentry","category-kreativitaet-musik","resize-featured-image"],"_links":{"self":[{"href":"https:\/\/sparkassenstiftungen-ka.de\/jugendstiftung\/wp-json\/wp\/v2\/posts\/3052","targetHints":{"allow":["GET"]}}],"collection":[{"href":"https:\/\/sparkassenstiftungen-ka.de\/jugendstiftung\/wp-json\/wp\/v2\/posts"}],"about":[{"href":"https:\/\/sparkassenstiftungen-ka.de\/jugendstiftung\/wp-json\/wp\/v2\/types\/post"}],"author":[{"embeddable":true,"href":"https:\/\/sparkassenstiftungen-ka.de\/jugendstiftung\/wp-json\/wp\/v2\/users\/2"}],"replies":[{"embeddable":true,"href":"https:\/\/sparkassenstiftungen-ka.de\/jugendstiftung\/wp-json\/wp\/v2\/comments?post=3052"}],"version-history":[{"count":2,"href":"https:\/\/sparkassenstiftungen-ka.de\/jugendstiftung\/wp-json\/wp\/v2\/posts\/3052\/revisions"}],"predecessor-version":[{"id":3159,"href":"https:\/\/sparkassenstiftungen-ka.de\/jugendstiftung\/wp-json\/wp\/v2\/posts\/3052\/revisions\/3159"}],"wp:featuredmedia":[{"embeddable":true,"href":"https:\/\/sparkassenstiftungen-ka.de\/jugendstiftung\/wp-json\/wp\/v2\/media\/3054"}],"wp:attachment":[{"href":"https:\/\/sparkassenstiftungen-ka.de\/jugendstiftung\/wp-json\/wp\/v2\/media?parent=3052"}],"wp:term":[{"taxonomy":"category","embeddable":true,"href":"https:\/\/sparkassenstiftungen-ka.de\/jugendstiftung\/wp-json\/wp\/v2\/categories?post=3052"},{"taxonomy":"post_tag","embeddable":true,"href":"https:\/\/sparkassenstiftungen-ka.de\/jugendstiftung\/wp-json\/wp\/v2\/tags?post=3052"}],"curies":[{"name":"wp","href":"https:\/\/api.w.org\/{rel}","templated":true}]}}