{"id":2830,"date":"2023-07-14T19:00:00","date_gmt":"2023-07-14T17:00:00","guid":{"rendered":"https:\/\/sparkassenstiftungen-ka.de\/jugendstiftung\/?p=2830"},"modified":"2023-10-15T19:01:36","modified_gmt":"2023-10-15T17:01:36","slug":"workshop-sing-bach-2023","status":"publish","type":"post","link":"https:\/\/sparkassenstiftungen-ka.de\/jugendstiftung\/kreativitaet-musik\/projektwoche-sing-bach\/workshop-sing-bach-2023\/","title":{"rendered":"Workshop \u201eSing Bach 2023\u201c"},"content":{"rendered":"<h2>\u201eSing Bach\u201c mit kleinem Jubil\u00e4um<\/h2>\n<p>Endlich wieder \u201eSing Bach\u201c! Die Freude war gro\u00df, nicht nur bei den Kindern, sondern auch bei allen beteiligten Akteuren und Institutionen. Die beliebte \u201eSing Bach\u201c Projektwoche und das festliche Abschlusskonzert konnten wieder stattfinden und feierten sogar ein kleines Jubil\u00e4um. Bereits zum 10. Mal wurde das Projekt im Gesch\u00e4ftsgebiet der Sparkasse Karlsruhe durchgef\u00fchrt. Das Jubil\u00e4um h\u00e4tte eigentlich schon 2020 stattfinden sollen, aber die Corona-Pandemie bremste die Veranstaltung aus. Nun wurde sie in diesem Jahr zu einem Highlight.<\/p>\n<p>Unter der Leitung der Vokalp\u00e4dagogin Friedhilde Tr\u00fc\u00fcn wurden eine Woche lang in Gruppen die Lieder von Johann Sebastian Bach einstudiert, Stimm- und Atem\u00fcbungen erlernt, die K\u00f6rperwahrnehmung geschult und die Liedtexte mit Bewegungen verkn\u00fcpft. Der H\u00f6hepunkt war das gro\u00dfe Konzert am 14. Juli 2023 in der Evangelischen Stadtkirche am Marktplatz in Karlsruhe. Friedhilde Tr\u00fc\u00fcn formte einen gemeinsamen Chor. 235 Kinder aus zw\u00f6lf 3. Klassen aus f\u00fcnf Grundschulen pr\u00e4sentierten mit viel Freude und Konzentration die Werke und Leben von Johann Sebastian Bach. Dazu brachten kleine Anekdoten aus dem Leben des Komponisten die Zuh\u00f6rer zum Lachen.<br \/>\nDas Publikum in der voll besetzten Stadtkirche war begeistert. Viel Lob gab es auch von Sparkassendirektor Lutz Boden, dem Vorstandsmitglied der Sparkasse Karlsruhe und gesch\u00e4ftsf\u00fchrendes Vorstandsmitglied der Sparkassenstiftung GUTES TUN, welcher im Anschluss mit einem gro\u00dfen Dank alle Beteiligte der Projektwoche w\u00fcrdigte.<\/p>\n<p>Das Projekt wurde von der Jugendstiftung der Sparkasse Karlsruhe organisiert und von der Sparkassenstiftung GUTES TUN, Stifternetzwerk der Sparkasse Karlsruhe, finanziell gef\u00f6rdert. Kooperationspartner war das Zentrum f\u00fcr Schulqualit\u00e4t und Lehrerbildung Baden-W\u00fcrttemberg, Regionalstelle Karlsruhe.<\/p>\n<p>Teilnehmende Schulen: Grundschule Beiertheim, Leopold-Grundschule Karlsruhe, Pestalozzi-Grundschule Rheinstetten, Rheinwald-Grundschule Rheinstetten, Schwarzwald-Grundschule Rheinstetten.<\/p>\n","protected":false},"excerpt":{"rendered":"<p>\u201eSing Bach\u201c mit kleinem Jubil\u00e4um Endlich wieder \u201eSing Bach\u201c! Die Freude war gro\u00df, nicht nur bei den Kindern, sondern auch bei allen beteiligten Akteuren und &#8230; <a title=\"Workshop \u201eSing Bach 2023\u201c\" class=\"read-more\" href=\"https:\/\/sparkassenstiftungen-ka.de\/jugendstiftung\/kreativitaet-musik\/projektwoche-sing-bach\/workshop-sing-bach-2023\/\" aria-label=\"Mehr Informationen \u00fcber Workshop \u201eSing Bach 2023\u201c\">Weiterlesen &#8230;<\/a><\/p>\n","protected":false},"author":2,"featured_media":2831,"comment_status":"open","ping_status":"open","sticky":false,"template":"","format":"standard","meta":{"footnotes":""},"categories":[8],"tags":[],"class_list":["post-2830","post","type-post","status-publish","format-standard","has-post-thumbnail","hentry","category-projektwoche-sing-bach","resize-featured-image"],"_links":{"self":[{"href":"https:\/\/sparkassenstiftungen-ka.de\/jugendstiftung\/wp-json\/wp\/v2\/posts\/2830","targetHints":{"allow":["GET"]}}],"collection":[{"href":"https:\/\/sparkassenstiftungen-ka.de\/jugendstiftung\/wp-json\/wp\/v2\/posts"}],"about":[{"href":"https:\/\/sparkassenstiftungen-ka.de\/jugendstiftung\/wp-json\/wp\/v2\/types\/post"}],"author":[{"embeddable":true,"href":"https:\/\/sparkassenstiftungen-ka.de\/jugendstiftung\/wp-json\/wp\/v2\/users\/2"}],"replies":[{"embeddable":true,"href":"https:\/\/sparkassenstiftungen-ka.de\/jugendstiftung\/wp-json\/wp\/v2\/comments?post=2830"}],"version-history":[{"count":1,"href":"https:\/\/sparkassenstiftungen-ka.de\/jugendstiftung\/wp-json\/wp\/v2\/posts\/2830\/revisions"}],"predecessor-version":[{"id":2832,"href":"https:\/\/sparkassenstiftungen-ka.de\/jugendstiftung\/wp-json\/wp\/v2\/posts\/2830\/revisions\/2832"}],"wp:featuredmedia":[{"embeddable":true,"href":"https:\/\/sparkassenstiftungen-ka.de\/jugendstiftung\/wp-json\/wp\/v2\/media\/2831"}],"wp:attachment":[{"href":"https:\/\/sparkassenstiftungen-ka.de\/jugendstiftung\/wp-json\/wp\/v2\/media?parent=2830"}],"wp:term":[{"taxonomy":"category","embeddable":true,"href":"https:\/\/sparkassenstiftungen-ka.de\/jugendstiftung\/wp-json\/wp\/v2\/categories?post=2830"},{"taxonomy":"post_tag","embeddable":true,"href":"https:\/\/sparkassenstiftungen-ka.de\/jugendstiftung\/wp-json\/wp\/v2\/tags?post=2830"}],"curies":[{"name":"wp","href":"https:\/\/api.w.org\/{rel}","templated":true}]}}