{"id":2821,"date":"2023-12-19T18:54:00","date_gmt":"2023-12-19T17:54:00","guid":{"rendered":"https:\/\/sparkassenstiftungen-ka.de\/jugendstiftung\/?p=2821"},"modified":"2023-12-20T16:57:48","modified_gmt":"2023-12-20T15:57:48","slug":"bachs-weihnachtsoratorium-fuer-kinder","status":"publish","type":"post","link":"https:\/\/sparkassenstiftungen-ka.de\/jugendstiftung\/kreativitaet-musik\/bachs-weihnachtsoratorium-fuer-kinder\/","title":{"rendered":"Bachs Weihnachtsoratorium f\u00fcr Kinder"},"content":{"rendered":"\n<p>\u201e<em>Vokalakademie Freiburg und Prometheus Ensemble begeistern mit Bachs&nbsp; ,Weihnachtsoratorium f\u00fcr Kinder\u00b4<\/em> \u201c so fasst es das Pamina Magazin zusammen. Es war ein wirklich gelungener Abend f\u00fcr Familien in der Stadtkirche Karlsruhe. In der sehr gut besetzten Kirche versammelten sich diverse Klassen der Stufen 4 bis 6 aus dem Gesch\u00e4ftsgebiet der Sparkasse Karlsruhe, begleitet von Eltern, Geschwistern und Gro\u00dfeltern. Der Erz\u00e4hler Josef zieht das junge Publikum sofort in seinen Bann und sorgt immer wieder f\u00fcr Heiterkeit. Generell ist viel Bewegung drin, der Chor tanzt um die Reihen und bezieht die Kinder ein. So zeigt sich, dass einige Kinder thematisch gut vorbereitet sind.<\/p>\n\n\n\n<ul class=\"wp-block-list\">\n<li><a href=\"https:\/\/sparkassenstiftungen-ka.de\/jugendstiftung\/wp-content\/uploads\/sites\/2\/2023\/12\/Bericht-WO-7.12.23-Pamina-Magazin.pdf\">&#8222;Mit Jesus f\u00fchrt man ein aufregendes Leben&#8220;, Pamina Magazin vom 11. Dezember 2023<\/a><\/li>\n\n\n\n<li><a href=\"https:\/\/sparkassenstiftungen-ka.de\/jugendstiftung\/wp-content\/uploads\/sites\/2\/2023\/10\/Flyer-Bach-Weihnachtsoratorium-Stadtkirche-2023.pdf\">Flyer<\/a><\/li>\n<\/ul>\n\n\n\n<figure class=\"wp-block-image size-full\"><img loading=\"lazy\" decoding=\"async\" width=\"1036\" height=\"1200\" src=\"https:\/\/sparkassenstiftungen-ka.de\/jugendstiftung\/wp-content\/uploads\/sites\/2\/2023\/12\/Weihnachtsoratorium-2023.webp\" alt=\"Bachs Weihnachtsoratorium f\u00fcr Kinder 2023\" class=\"wp-image-3371\" srcset=\"https:\/\/sparkassenstiftungen-ka.de\/jugendstiftung\/wp-content\/uploads\/sites\/2\/2023\/12\/Weihnachtsoratorium-2023.webp 1036w, https:\/\/sparkassenstiftungen-ka.de\/jugendstiftung\/wp-content\/uploads\/sites\/2\/2023\/12\/Weihnachtsoratorium-2023-259x300.webp 259w, https:\/\/sparkassenstiftungen-ka.de\/jugendstiftung\/wp-content\/uploads\/sites\/2\/2023\/12\/Weihnachtsoratorium-2023-884x1024.webp 884w, https:\/\/sparkassenstiftungen-ka.de\/jugendstiftung\/wp-content\/uploads\/sites\/2\/2023\/12\/Weihnachtsoratorium-2023-768x890.webp 768w\" sizes=\"auto, (max-width: 1036px) 100vw, 1036px\" \/><figcaption class=\"wp-element-caption\">Bachs Weihnachtsoratorium f\u00fcr Kinder 2023. Foto: Kantorat der Stadtkirche<\/figcaption><\/figure>\n\n\n\n<p>Titelfoto: Sascha von Donat<\/p>\n","protected":false},"excerpt":{"rendered":"<p>\u201eVokalakademie Freiburg und Prometheus Ensemble begeistern mit Bachs&nbsp; ,Weihnachtsoratorium f\u00fcr Kinder\u00b4 \u201c so fasst es das Pamina Magazin zusammen. Es war ein wirklich gelungener Abend &#8230; <a title=\"Bachs Weihnachtsoratorium f\u00fcr Kinder\" class=\"read-more\" href=\"https:\/\/sparkassenstiftungen-ka.de\/jugendstiftung\/kreativitaet-musik\/bachs-weihnachtsoratorium-fuer-kinder\/\" aria-label=\"Mehr Informationen \u00fcber Bachs Weihnachtsoratorium f\u00fcr Kinder\">Weiterlesen &#8230;<\/a><\/p>\n","protected":false},"author":2,"featured_media":3372,"comment_status":"open","ping_status":"open","sticky":false,"template":"","format":"standard","meta":{"footnotes":""},"categories":[3],"tags":[],"class_list":["post-2821","post","type-post","status-publish","format-standard","has-post-thumbnail","hentry","category-kreativitaet-musik","resize-featured-image"],"_links":{"self":[{"href":"https:\/\/sparkassenstiftungen-ka.de\/jugendstiftung\/wp-json\/wp\/v2\/posts\/2821","targetHints":{"allow":["GET"]}}],"collection":[{"href":"https:\/\/sparkassenstiftungen-ka.de\/jugendstiftung\/wp-json\/wp\/v2\/posts"}],"about":[{"href":"https:\/\/sparkassenstiftungen-ka.de\/jugendstiftung\/wp-json\/wp\/v2\/types\/post"}],"author":[{"embeddable":true,"href":"https:\/\/sparkassenstiftungen-ka.de\/jugendstiftung\/wp-json\/wp\/v2\/users\/2"}],"replies":[{"embeddable":true,"href":"https:\/\/sparkassenstiftungen-ka.de\/jugendstiftung\/wp-json\/wp\/v2\/comments?post=2821"}],"version-history":[{"count":5,"href":"https:\/\/sparkassenstiftungen-ka.de\/jugendstiftung\/wp-json\/wp\/v2\/posts\/2821\/revisions"}],"predecessor-version":[{"id":3373,"href":"https:\/\/sparkassenstiftungen-ka.de\/jugendstiftung\/wp-json\/wp\/v2\/posts\/2821\/revisions\/3373"}],"wp:featuredmedia":[{"embeddable":true,"href":"https:\/\/sparkassenstiftungen-ka.de\/jugendstiftung\/wp-json\/wp\/v2\/media\/3372"}],"wp:attachment":[{"href":"https:\/\/sparkassenstiftungen-ka.de\/jugendstiftung\/wp-json\/wp\/v2\/media?parent=2821"}],"wp:term":[{"taxonomy":"category","embeddable":true,"href":"https:\/\/sparkassenstiftungen-ka.de\/jugendstiftung\/wp-json\/wp\/v2\/categories?post=2821"},{"taxonomy":"post_tag","embeddable":true,"href":"https:\/\/sparkassenstiftungen-ka.de\/jugendstiftung\/wp-json\/wp\/v2\/tags?post=2821"}],"curies":[{"name":"wp","href":"https:\/\/api.w.org\/{rel}","templated":true}]}}